{"id":6907,"date":"2023-02-23T13:47:58","date_gmt":"2023-02-23T12:47:58","guid":{"rendered":"https:\/\/slspo.sk\/?p=6907"},"modified":"2023-02-23T13:51:41","modified_gmt":"2023-02-23T12:51:41","slug":"uspech-nasich-studentov-v-sutazi-amaterskej-fotografie-amfo-2023","status":"publish","type":"post","link":"https:\/\/slspo.sk\/?p=6907","title":{"rendered":"\u00daspech na\u0161ich \u0161tudentov v s\u00fa\u0165a\u017ei amat\u00e9rskej fotografie AMFO 2023"},"content":{"rendered":"<p><div class=\"fusion-fullwidth fullwidth-box fusion-builder-row-1 fusion-flex-container nonhundred-percent-fullwidth non-hundred-percent-height-scrolling\" style=\"background-color: rgba(255,255,255,0);background-position: left top;background-repeat: no-repeat;border-width: 0px 0px 0px 0px;border-color:#e7e4e2;border-style:solid;\" ><div class=\"fusion-builder-row fusion-row fusion-flex-align-items-flex-start\" style=\"max-width:1331.2px;margin-left: calc(-4% \/ 2 );margin-right: calc(-4% \/ 2 );\"><div class=\"fusion-layout-column fusion_builder_column fusion-builder-column-0 fusion_builder_column_2_3 2_3 fusion-flex-column\"><div class=\"fusion-column-wrapper fusion-flex-justify-content-flex-start fusion-content-layout-column\" style=\"background-position:left top;background-repeat:no-repeat;-webkit-background-size:cover;-moz-background-size:cover;-o-background-size:cover;background-size:cover;padding: 0px 0px 0px 0px;\"><div class=\"fusion-text fusion-text-1\" style=\"transform:translate3d(0,0,0);\"><p><strong>Martin Miklo\u0161 (I.A)<\/strong> a\u00a0<strong>Tamara Jakubkov\u00e1 (IV.B)<\/strong> boli \u00faspe\u0161n\u00ed v celo\u0161t\u00e1tnej postupovej s\u00fa\u0165a\u017ei amat\u00e9rskych fotografov <strong>AMFO 2023<\/strong>, ktor\u00fa organizovalo N\u00e1rodn\u00e9 osvetov\u00e9 centrum.<\/p>\n<\/div><div class=\"fusion-separator fusion-full-width-sep\" style=\"align-self: center;margin-left: auto;margin-right: auto;margin-top:5px;width:100%;\"><\/div><div style=\"text-align:center;\"><span class=\" fusion-imageframe imageframe-none imageframe-1 hover-type-zoomin\"><a href=\"https:\/\/slspo.sk\/wp-content\/uploads\/2023\/02\/DSC_0956.jpg\" class=\"fusion-lightbox\" data-rel=\"iLightbox[baecb34530c35e10192]\" data-caption=\"\u00daspech na\u0161ich \u0161tudentov na s\u00fa\u0165a\u017ei amat\u00e9rskej fotografie AMFO 2023 \u2013 Vyhodnotenie\" data-title=\"DSC_0956\" title=\"DSC_0956\"><img decoding=\"async\" width=\"1800\" height=\"1200\" src=\"https:\/\/slspo.sk\/wp-content\/uploads\/2023\/02\/DSC_0956.jpg\" data-orig-src=\"https:\/\/slspo.sk\/wp-content\/uploads\/2023\/02\/DSC_0956.jpg\" class=\"lazyload img-responsive wp-image-6902\" srcset=\"data:image\/svg+xml,%3Csvg%20xmlns%3D%27http%3A%2F%2Fwww.w3.org%2F2000%2Fsvg%27%20width%3D%271800%27%20height%3D%271200%27%20viewBox%3D%270%200%201800%201200%27%3E%3Crect%20width%3D%271800%27%20height%3D%2731200%27%20fill-opacity%3D%220%22%2F%3E%3C%2Fsvg%3E\" data-srcset=\"https:\/\/slspo.sk\/wp-content\/uploads\/2023\/02\/DSC_0956-200x133.jpg 200w, https:\/\/slspo.sk\/wp-content\/uploads\/2023\/02\/DSC_0956-400x267.jpg 400w, https:\/\/slspo.sk\/wp-content\/uploads\/2023\/02\/DSC_0956-600x400.jpg 600w, https:\/\/slspo.sk\/wp-content\/uploads\/2023\/02\/DSC_0956-800x533.jpg 800w, https:\/\/slspo.sk\/wp-content\/uploads\/2023\/02\/DSC_0956-1200x800.jpg 1200w, https:\/\/slspo.sk\/wp-content\/uploads\/2023\/02\/DSC_0956.jpg 1800w\" data-sizes=\"auto\" data-orig-sizes=\"(max-width: 1024px) 100vw, (max-width: 640px) 100vw, 800px\" \/><\/a><\/span><\/div><div class=\"fusion-separator fusion-full-width-sep\" style=\"align-self: center;margin-left: auto;margin-right: auto;margin-bottom:2em;width:100%;\"><\/div><div class=\"fusion-text fusion-text-2\" style=\"transform:translate3d(0,0,0);\"><p><strong>Martin <\/strong>sa venuje fotografovaniu, ale aj samotn\u00fdm fotoapar\u00e1tom u\u017e dlh\u0161\u00ed \u010das, r\u00e1d fot\u00ed mesto a \u013eud\u00ed. V\u00ed\u0165azom region\u00e1lneho kola sa stal v\u00a0kateg\u00f3rii 15 a\u017e 25-ro\u010dn\u00fdch fotografov so s\u00e9riou \u0161tyroch fotografi\u00ed nafoten\u00fdch anal\u00f3gov\u00fdm fotoapar\u00e1tom na \u010diernobiely film. Porote sa p\u00e1\u010dil jeho pr\u00edbeh, ktor\u00fd zachytil na svojich letn\u00fdch pr\u00e1zdninov\u00fdch cest\u00e1ch po\u00a0Prahe a okol\u00ed. P\u00f4vodne prihl\u00e1sil svoje fotografie ako samostatn\u00e9 diela pod n\u00e1zvami: <em>Moment<\/em>, <em>Okenn\u00e1 Aleja<\/em>, <em>Masary\u010dka<\/em> a\u00a0<em>O\u00e1za Pokoja<\/em>. Porota v\u0161ak vo fotografi\u00e1ch videla pekn\u00fd pr\u00edbeh, preto sa rozhodli v\u0161etky Martinove diela posun\u00fa\u0165 u\u017e pod jedn\u00fdm n\u00e1zvom <em>Moment<\/em> do \u010fal\u0161ieho kola v\u00a0kateg\u00f3rii Cykly a\u00a0seri\u00e1ly.<\/p>\n<\/div><div style=\"text-align:center;\"><style type=\"text\/css\">.fusion-button.button-1 {border-radius:0px;}<\/style><a class=\"fusion-button button-flat fusion-button-default-size button-default button-1 fusion-button-default-span fusion-button-default-type\" target=\"_self\" title=\"Fotogal\u00e9ria\" href=\"https:\/\/slspo.sk\/?avada_portfolio=uspech-nasich-studentov-na-sutazi-amaterskej-fotografie-amfo-2023-sutazne-prace\"><span class=\"fusion-button-text\">S\u00da\u0164A\u017dN\u00c9 PR\u00c1CE<\/span><\/a><\/div><div class=\"fusion-separator fusion-full-width-sep\" style=\"align-self: center;margin-left: auto;margin-right: auto;margin-bottom:3em;width:100%;\"><\/div><div style=\"text-align:center;\"><span class=\" fusion-imageframe imageframe-none imageframe-2 hover-type-zoomin\"><a href=\"https:\/\/slspo.sk\/wp-content\/uploads\/2023\/02\/DSC_0961.jpg\" class=\"fusion-lightbox\" data-rel=\"iLightbox[b655c9ee5c3fd69bfc5]\" data-caption=\"\u00daspech na\u0161ich \u0161tudentov na s\u00fa\u0165a\u017ei amat\u00e9rskej fotografie AMFO 2023 \u2013 Vyhodnotenie\" data-title=\"DSC_0961\" title=\"DSC_0961\"><img decoding=\"async\" width=\"1800\" height=\"1200\" src=\"https:\/\/slspo.sk\/wp-content\/uploads\/2023\/02\/DSC_0961.jpg\" data-orig-src=\"https:\/\/slspo.sk\/wp-content\/uploads\/2023\/02\/DSC_0961.jpg\" class=\"lazyload img-responsive wp-image-6903\" srcset=\"data:image\/svg+xml,%3Csvg%20xmlns%3D%27http%3A%2F%2Fwww.w3.org%2F2000%2Fsvg%27%20width%3D%271800%27%20height%3D%271200%27%20viewBox%3D%270%200%201800%201200%27%3E%3Crect%20width%3D%271800%27%20height%3D%2731200%27%20fill-opacity%3D%220%22%2F%3E%3C%2Fsvg%3E\" data-srcset=\"https:\/\/slspo.sk\/wp-content\/uploads\/2023\/02\/DSC_0961-200x133.jpg 200w, https:\/\/slspo.sk\/wp-content\/uploads\/2023\/02\/DSC_0961-400x267.jpg 400w, https:\/\/slspo.sk\/wp-content\/uploads\/2023\/02\/DSC_0961-600x400.jpg 600w, https:\/\/slspo.sk\/wp-content\/uploads\/2023\/02\/DSC_0961-800x533.jpg 800w, https:\/\/slspo.sk\/wp-content\/uploads\/2023\/02\/DSC_0961-1200x800.jpg 1200w, https:\/\/slspo.sk\/wp-content\/uploads\/2023\/02\/DSC_0961.jpg 1800w\" data-sizes=\"auto\" data-orig-sizes=\"(max-width: 1024px) 100vw, (max-width: 640px) 100vw, 800px\" \/><\/a><\/span><\/div><div class=\"fusion-separator fusion-full-width-sep\" style=\"align-self: center;margin-left: auto;margin-right: auto;margin-bottom:2em;width:100%;\"><\/div><div class=\"fusion-text fusion-text-3\" style=\"transform:translate3d(0,0,0);\"><p>\u010cestn\u00e9 uznanie poroty sa dostalo aj na\u0161ej \u0161tvrt\u00e1\u010dke <strong>Tamare<\/strong> Jakubkovej, ktor\u00e1 zaujala diptychom <em>L\u00fa\u010de<\/em> a\u00a0<em>Ozajstn\u00e1 zima<\/em>. Ocenili jej snahu \u00eds\u0165 pre pekn\u00fd z\u00e1ber aj do n\u00e1ro\u010dn\u00e9ho ter\u00e9nu. \u010eal\u0161ie s\u00fa\u0165a\u017en\u00e9 fotografie, ktor\u00fdmi sa pok\u00fa\u0161ala oslovi\u0165 boli <em>Tr\u00e9ning<\/em> a\u00a0<em>V\u00a0strehu<\/em>.<\/p>\n<p>Okrem nich sa s\u00fa\u0165a\u017ee z\u00fa\u010dastnili so svojimi pekn\u00fdmi dielami aj <strong>Lesana Gajdo\u0161ov\u00e1 (IV.B)<\/strong> \u2013 do s\u00fa\u0165a\u017ee prihl\u00e1sila diela: <em>Clivota<\/em>, <em>Kontrasty pr\u00edrody<\/em>, <em>M\u00e1m \u0165a<\/em> a\u00a0<em>\u017divotaschopnos\u0165<\/em> a\u00a0<strong>Viktor Javorsk\u00fd (IV.B)<\/strong> \u2013 s\u00fa\u0165a\u017eil s\u00a0tromi fotografiami: <em>Kto z\u00a0koho<\/em>, <em>M\u00e1m sa b\u00e1\u0165?<\/em> a\u00a0<em>Odhalen\u00fd<\/em>.<\/p>\n<\/div><div style=\"text-align:center;\"><span class=\" fusion-imageframe imageframe-none imageframe-3 hover-type-zoomin\"><a href=\"https:\/\/slspo.sk\/wp-content\/uploads\/2023\/02\/DSC_0809.jpg\" class=\"fusion-lightbox\" data-rel=\"iLightbox[02452ac4a8105922150]\" data-caption=\"\u00daspech na\u0161ich \u0161tudentov na s\u00fa\u0165a\u017ei amat\u00e9rskej fotografie AMFO 2023 \u2013 Vyhodnotenie\" data-title=\"DSC_0809\" title=\"DSC_0809\"><img decoding=\"async\" width=\"1800\" height=\"1200\" src=\"https:\/\/slspo.sk\/wp-content\/uploads\/2023\/02\/DSC_0809.jpg\" data-orig-src=\"https:\/\/slspo.sk\/wp-content\/uploads\/2023\/02\/DSC_0809.jpg\" class=\"lazyload img-responsive wp-image-6879\" srcset=\"data:image\/svg+xml,%3Csvg%20xmlns%3D%27http%3A%2F%2Fwww.w3.org%2F2000%2Fsvg%27%20width%3D%271800%27%20height%3D%271200%27%20viewBox%3D%270%200%201800%201200%27%3E%3Crect%20width%3D%271800%27%20height%3D%2731200%27%20fill-opacity%3D%220%22%2F%3E%3C%2Fsvg%3E\" data-srcset=\"https:\/\/slspo.sk\/wp-content\/uploads\/2023\/02\/DSC_0809-200x133.jpg 200w, https:\/\/slspo.sk\/wp-content\/uploads\/2023\/02\/DSC_0809-400x267.jpg 400w, https:\/\/slspo.sk\/wp-content\/uploads\/2023\/02\/DSC_0809-600x400.jpg 600w, https:\/\/slspo.sk\/wp-content\/uploads\/2023\/02\/DSC_0809-800x533.jpg 800w, https:\/\/slspo.sk\/wp-content\/uploads\/2023\/02\/DSC_0809-1200x800.jpg 1200w, https:\/\/slspo.sk\/wp-content\/uploads\/2023\/02\/DSC_0809.jpg 1800w\" data-sizes=\"auto\" data-orig-sizes=\"(max-width: 1024px) 100vw, (max-width: 640px) 100vw, 800px\" \/><\/a><\/span><\/div><div class=\"fusion-separator fusion-full-width-sep\" style=\"align-self: center;margin-left: auto;margin-right: auto;margin-top:5px;width:100%;\"><\/div><div class=\"fusion-text fusion-text-4\" style=\"transform:translate3d(0,0,0);\"><p>Vyhodnotenie, spojen\u00e9 s vernis\u00e1\u017eou a rozborov\u00fdm semin\u00e1rom sa uskuto\u010dnilo 14. febru\u00e1ra 2023 v Podtatranskom osvetovom stredisku v Poprade.<\/p>\n<p>Krajsk\u00e9 kolo sa uskuto\u010dn\u00ed 2. j\u00fana 2023 v\u00a0\u013dubovnianskom osvetovom stredisku v\u00a0Starej \u013dubovni.<\/p>\n<p>Postupuj\u00facim \u0161tudentom dr\u017e\u00edme \u010falej palce a\u00a0v\u0161etk\u00fdm prajeme e\u0161te ve\u013ea kr\u00e1snych z\u00e1berov!<\/p>\n<\/div><div style=\"text-align:center;\"><style type=\"text\/css\">.fusion-button.button-2 {border-radius:0px;}<\/style><a class=\"fusion-button button-flat fusion-button-default-size button-default button-2 fusion-button-default-span fusion-button-default-type\" target=\"_self\" title=\"Fotogal\u00e9ria\" href=\"https:\/\/slspo.sk\/?avada_portfolio=uspech-nasich-studentov-na-sutazi-amaterskej-fotografie-amfo-2023\"><span class=\"fusion-button-text\">FOTOGRAFIE<\/span><\/a><\/div><div class=\"fusion-separator fusion-full-width-sep\" style=\"align-self: center;margin-left: auto;margin-right: auto;margin-top:30px;margin-bottom:-10px;width:100%;\"><div class=\"fusion-separator-border sep-single sep-solid\" style=\"border-color:#e7e4e2;border-top-width:2px;\"><\/div><\/div><div class=\"fusion-sharing-box fusion-sharing-box-1 boxed-icons\" style=\"background-color:rgba(250,249,248,0);padding:0;margin-top:60px;\" data-title=\"\u00daspech na\u0161ich \u0161tudentov v s\u00fa\u0165a\u017ei amat\u00e9rskej fotografie AMFO 2023\" data-description=\"Martin Miklo\u0161 (I.A) a\u00a0Tamara Jakubkov\u00e1 (IV.B) boli \u00faspe\u0161n\u00ed v celo\u0161t\u00e1tnej postupovej s\u00fa\u0165a\u017ei amat\u00e9rskych fotografov AMFO 2023, ktor\u00fa organizovalo N\u00e1rodn\u00e9 osvetov\u00e9 centrum.  \r\n\r\nMartin sa venuje fotografovaniu, ale aj samotn\u00fdm fotoapar\u00e1tom u\u017e dlh\u0161\u00ed \u010das, r\u00e1d fot\u00ed mesto a \u013eud\u00ed. V\u00ed\u0165azom region\u00e1lneho kola sa stal v\u00a0kateg\u00f3rii 15 a\u017e 25-ro\u010dn\u00fdch fotografov so s\u00e9riou \u0161tyroch fotografi\u00ed nafoten\u00fdch anal\u00f3gov\u00fdm\" data-link=\"https:\/\/slspo.sk\/?p=6907\"><h4 class=\"tagline\" style=\"color:#333c4e;\">Zdie\u013ea\u0165 \u010dl\u00e1nok<\/h4><div class=\"fusion-social-networks sharingbox-shortcode-icon-wrapper sharingbox-shortcode-icon-wrapper-1 boxed-icons\"><span><a href=\"https:\/\/www.facebook.com\/sharer.php?u=https%3A%2F%2Fslspo.sk%2F%3Fp%3D6907&amp;t=%C3%9Aspech%20na%C5%A1ich%20%C5%A1tudentov%20v%20s%C3%BA%C5%A5a%C5%BEi%20amat%C3%A9rskej%20fotografie%20AMFO%202023\" target=\"_blank\" title=\"Facebook\" aria-label=\"Facebook\" data-placement=\"top\" data-toggle=\"tooltip\" data-title=\"Facebook\"><i class=\"fusion-social-network-icon fusion-tooltip fusion-facebook fusion-icon-facebook\" style=\"color:#ffffff;background-color:#3b5998;border-color:#3b5998;border-radius:4px;\" aria-hidden=\"true\"><\/i><\/a><\/span><span><a href=\"https:\/\/twitter.com\/share?text=%C3%9Aspech%20na%C5%A1ich%20%C5%A1tudentov%20v%20s%C3%BA%C5%A5a%C5%BEi%20amat%C3%A9rskej%20fotografie%20AMFO%202023&amp;url=https%3A%2F%2Fslspo.sk%2F%3Fp%3D6907\" target=\"_blank\" rel=\"noopener noreferrer\" title=\"Twitter\" aria-label=\"Twitter\" data-placement=\"top\" data-toggle=\"tooltip\" data-title=\"Twitter\"><i class=\"fusion-social-network-icon fusion-tooltip fusion-twitter fusion-icon-twitter\" style=\"color:#ffffff;background-color:#55acee;border-color:#55acee;border-radius:4px;\" aria-hidden=\"true\"><\/i><\/a><\/span><span><a href=\"https:\/\/www.linkedin.com\/shareArticle?mini=true&amp;url=https%3A%2F%2Fslspo.sk%2F%3Fp%3D6907&amp;title=%C3%9Aspech%20na%C5%A1ich%20%C5%A1tudentov%20v%20s%C3%BA%C5%A5a%C5%BEi%20amat%C3%A9rskej%20fotografie%20AMFO%202023&amp;summary=Martin%20Miklo%C5%A1%20%28I.A%29%20a%C2%A0Tamara%20Jakubkov%C3%A1%20%28IV.B%29%20boli%20%C3%BAspe%C5%A1n%C3%AD%20v%20celo%C5%A1t%C3%A1tnej%20postupovej%20s%C3%BA%C5%A5a%C5%BEi%20amat%C3%A9rskych%20fotografov%20AMFO%202023%2C%20ktor%C3%BA%20organizovalo%20N%C3%A1rodn%C3%A9%20osvetov%C3%A9%20centrum.%20%20%20%0D%0A%0D%0AMartin%20sa%20venuje%20fotografovaniu%2C%20ale%20aj%20samotn%C3%BDm%20fotoapar%C3%A1tom%20u%C5%BE%20dlh%C5%A1%C3%AD%20%C4%8Das%2C%20r%C3%A1d%20fot%C3%AD%20mesto%20a%20%C4%BEud%C3%AD.%20V%C3%AD%C5%A5azom%20region%C3%A1lneho%20kola%20sa%20stal%20v%C2%A0kateg%C3%B3rii%2015%20a%C5%BE%2025-ro%C4%8Dn%C3%BDch%20fotografov%20so%20s%C3%A9riou%20%C5%A1tyroch%20fotografi%C3%AD%20nafoten%C3%BDch%20anal%C3%B3gov%C3%BDm\" target=\"_blank\" rel=\"noopener noreferrer\" title=\"LinkedIn\" aria-label=\"LinkedIn\" data-placement=\"top\" data-toggle=\"tooltip\" data-title=\"LinkedIn\"><i class=\"fusion-social-network-icon fusion-tooltip fusion-linkedin fusion-icon-linkedin\" style=\"color:#ffffff;background-color:#0077b5;border-color:#0077b5;border-radius:4px;\" aria-hidden=\"true\"><\/i><\/a><\/span><span><a href=\"https:\/\/api.whatsapp.com\/send?text=https%3A%2F%2Fslspo.sk%2F%3Fp%3D6907\" target=\"_blank\" rel=\"noopener noreferrer\" title=\"WhatsApp\" aria-label=\"WhatsApp\" data-placement=\"top\" data-toggle=\"tooltip\" data-title=\"WhatsApp\"><i class=\"fusion-social-network-icon fusion-tooltip fusion-whatsapp fusion-icon-whatsapp\" style=\"color:#ffffff;background-color:#77e878;border-color:#77e878;border-radius:4px;\" aria-hidden=\"true\"><\/i><\/a><\/span><span><a href=\"http:\/\/pinterest.com\/pin\/create\/button\/?url=https%3A%2F%2Fslspo.sk%2F%3Fp%3D6907&amp;description=Martin%20Miklo%C5%A1%20%28I.A%29%20a%C2%A0Tamara%20Jakubkov%C3%A1%20%28IV.B%29%20boli%20%C3%BAspe%C5%A1n%C3%AD%20v%20celo%C5%A1t%C3%A1tnej%20postupovej%20s%C3%BA%C5%A5a%C5%BEi%20amat%C3%A9rskych%20fotografov%20AMFO%202023%2C%20ktor%C3%BA%20organizovalo%20N%C3%A1rodn%C3%A9%20osvetov%C3%A9%20centrum.%20%20%20%0D%0A%0D%0AMartin%20sa%20venuje%20fotografovaniu%2C%20ale%20aj%20samotn%C3%BDm%20fotoapar%C3%A1tom%20u%C5%BE%20dlh%C5%A1%C3%AD%20%C4%8Das%2C%20r%C3%A1d%20fot%C3%AD%20mesto%20a%20%C4%BEud%C3%AD.%20V%C3%AD%C5%A5azom%20region%C3%A1lneho%20kola%20sa%20stal%20v%C2%A0kateg%C3%B3rii%2015%20a%C5%BE%2025-ro%C4%8Dn%C3%BDch%20fotografov%20so%20s%C3%A9riou%20%C5%A1tyroch%20fotografi%C3%AD%20nafoten%C3%BDch%20anal%C3%B3gov%C3%BDm&amp;media=\" target=\"_blank\" rel=\"noopener noreferrer\" title=\"Pinterest\" aria-label=\"Pinterest\" data-placement=\"top\" data-toggle=\"tooltip\" data-title=\"Pinterest\"><i class=\"fusion-social-network-icon fusion-tooltip fusion-pinterest fusion-icon-pinterest\" style=\"color:#ffffff;background-color:#bd081c;border-color:#bd081c;border-radius:4px;\" aria-hidden=\"true\"><\/i><\/a><\/span><span><a href=\"mailto:?subject=%C3%9Aspech%20na%C5%A1ich%20%C5%A1tudentov%20v%20s%C3%BA%C5%A5a%C5%BEi%20amat%C3%A9rskej%20fotografie%20AMFO%202023&amp;body=https%3A%2F%2Fslspo.sk%2F%3Fp%3D6907\" target=\"_self\" title=\"Email\" aria-label=\"Email\" data-placement=\"top\" data-toggle=\"tooltip\" data-title=\"Email\"><i class=\"fusion-social-network-icon fusion-tooltip fusion-mail fusion-icon-mail\" style=\"color:#ffffff;background-color:#000000;border-color:#000000;border-radius:4px;\" aria-hidden=\"true\"><\/i><\/a><\/span><\/div><\/div><style type=\"text\/css\">.fusion-sharing-box-1 h4{margin-bottom:0 !important;}.fusion-sharing-box-1{flex-direction:row !important;}.sharingbox-shortcode-icon-wrapper-1 span.sharingbox-shortcode-icon-separator{border-right-width:0px !important;}@media only screen and (max-width:1024px){.fusion-sharing-box-1 h4{margin-right:0.5em !important;margin-bottom:0 !important;}.sharingbox-shortcode-icon-wrapper-1{width:auto !important;justify-content:flex-end !important;}.fusion-sharing-box-1{align-items:center !important;} }@media only screen and (max-width:640px){.fusion-sharing-box-1{flex-direction: column !important;align-items:center !important;}.fusion-sharing-box-1 h4{margin-bottom:revert !important;}.sharingbox-shortcode-icon-wrapper-1{width:100% !important;justify-content:space-between !important;} }<\/style><\/div><\/div><style type=\"text\/css\">.fusion-body .fusion-builder-column-0{width:66.6666666667% !important;margin-top : 0px;margin-bottom : 40px;}.fusion-builder-column-0 > .fusion-column-wrapper {padding-top : 0px !important;padding-right : 0px !important;margin-right : 5.76%;padding-bottom : 0px !important;padding-left : 0px !important;margin-left : 2.88%;}@media only screen and (max-width:1024px) {.fusion-body .fusion-builder-column-0{width:100% !important;}.fusion-builder-column-0 > .fusion-column-wrapper {margin-right : 1.92%;margin-left : 1.92%;}}@media only screen and (max-width:640px) {.fusion-body .fusion-builder-column-0{width:100% !important;}.fusion-builder-column-0 > .fusion-column-wrapper {margin-right : 1.92%;margin-left : 1.92%;}}<\/style><div class=\"fusion-layout-column fusion_builder_column fusion-builder-column-1 fusion_builder_column_1_3 1_3 fusion-flex-column\"><div class=\"fusion-column-wrapper fusion-flex-justify-content-flex-start fusion-content-layout-column\" style=\"background-position:left top;background-repeat:no-repeat;-webkit-background-size:cover;-moz-background-size:cover;-o-background-size:cover;background-size:cover;background-color:#faf9f8;padding: 7% 7% 7% 7%;\"><div class=\"fusion-widget-area fusion-widget-area-1 fusion-content-widget-area\"><style type=\"text\/css\">.fusion-widget-area-1 {padding:0px 0px 0px 0px;}.fusion-widget-area-1 .widget h4 {color:#333c4e;}.fusion-widget-area-1 .widget .heading h4 {color:#333c4e;}.fusion-widget-area-1 .widget h4 {font-size:18px;}.fusion-widget-area-1 .widget .heading h4 {font-size:18px;}<\/style><section id=\"search-2\" class=\"widget widget_search\">\t\t<form role=\"search\" class=\"searchform fusion-search-form  fusion-search-form-classic\" method=\"get\" action=\"https:\/\/slspo.sk\/\">\n\t\t\t<div class=\"fusion-search-form-content\">\n\n\t\t\t\t\n\t\t\t\t<div class=\"fusion-search-field search-field\">\n\t\t\t\t\t<label><span class=\"screen-reader-text\">H\u013eada\u0165:<\/span>\n\t\t\t\t\t\t\t\t\t\t\t\t\t<input type=\"search\" value=\"\" name=\"s\" class=\"s\" placeholder=\"H\u013eada\u0165...\" required aria-required=\"true\" aria-label=\"H\u013eada\u0165...\"\/>\n\t\t\t\t\t\t\t\t\t\t\t<\/label>\n\t\t\t\t<\/div>\n\t\t\t\t<div class=\"fusion-search-button search-button\">\n\t\t\t\t\t<input type=\"submit\" class=\"fusion-search-submit searchsubmit\" aria-label=\"H\u013eada\u0165\" value=\"&#xf002;\" \/>\n\t\t\t\t\t\t\t\t\t<\/div>\n\n\t\t\t\t\n\t\t\t<\/div>\n\n\n\t\t\t\n\t\t<\/form>\n\t\t<\/section>\n\t\t<section id=\"recent-posts-2\" class=\"widget widget_recent_entries\">\n\t\t<div class=\"heading\"><h4 class=\"widget-title\">Najnov\u0161ie \u010dl\u00e1nky<\/h4><\/div>\n\t\t<ul>\n\t\t\t\t\t\t\t\t\t\t\t<li>\n\t\t\t\t\t<a href=\"https:\/\/slspo.sk\/?p=11296\">Spolo\u010dn\u00e9 chv\u00edle v Barli\u010dke<\/a>\n\t\t\t\t\t\t\t\t\t<\/li>\n\t\t\t\t\t\t\t\t\t\t\t<li>\n\t\t\t\t\t<a href=\"https:\/\/slspo.sk\/?p=11285\">Nap\u00ednav\u00fd hokejov\u00fd ve\u010der na z\u00e1ver sez\u00f3ny<\/a>\n\t\t\t\t\t\t\t\t\t<\/li>\n\t\t\t\t\t\t\t\t\t\t\t<li>\n\t\t\t\t\t<a href=\"https:\/\/slspo.sk\/?p=11278\">Nov\u00e9 \u010d\u00edslo \u0161tudentsk\u00e9ho \u010dasopisu SILVUM je na svete<\/a>\n\t\t\t\t\t\t\t\t\t<\/li>\n\t\t\t\t\t\t\t\t\t\t\t<li>\n\t\t\t\t\t<a href=\"https:\/\/slspo.sk\/?p=11216\">Na\u0161i truba\u010di a v\u00e1bi\u010di sa v Kostelci nestratili<\/a>\n\t\t\t\t\t\t\t\t\t<\/li>\n\t\t\t\t\t\t\t\t\t\t\t<li>\n\t\t\t\t\t<a href=\"https:\/\/slspo.sk\/?p=11182\">\u00daspech na\u0161ich SO\u010ck\u00e1rov na TU vo Zvolene<\/a>\n\t\t\t\t\t\t\t\t\t<\/li>\n\t\t\t\t\t<\/ul>\n\n\t\t<\/section><section id=\"pyre_tabs-widget-3\" class=\"widget fusion-tabs-widget\">\t\t<div class=\"fusion-tabs-widget-wrapper fusion-tabs-widget-2 fusion-tabs-clean fusion-tabs-image-default tab-holder\">\n\t\t\t<nav class=\"fusion-tabs-nav\">\n\t\t\t\t<ul class=\"tabset tabs\">\n\n\t\t\t\t\t\t\t\t\t\t\t<li class=\"active\"><a href=\"#\" data-link=\"fusion-tab-popular\">Naj\u010d\u00edtanej\u0161ie<\/a><\/li>\n\t\t\t\t\t\n\t\t\t\t\t\t\t\t\t\t\t<li><a href=\"#\" data-link=\"fusion-tab-recent\">Najnov\u0161ie<\/a><\/li>\n\t\t\t\t\t\n\t\t\t\t\t\n\t\t\t\t<\/ul>\n\t\t\t<\/nav>\n\n\t\t\t<div class=\"fusion-tabs-widget-content tab-box tabs-container\">\n\n\t\t\t\t\n\t\t\t\t\t<div class=\"fusion-tab-popular fusion-tab-content tab tab_content\" data-name=\"fusion-tab-popular\">\n\t\t\t\t\t\t\n\t\t\t\t\t\t<ul class=\"fusion-tabs-widget-items news-list\">\n\t\t\t\t\t\t\t\t\t\t\t\t\t\t\t\t\t\t\t\t\t\t\t\t\t\t\t\t\t\t\t\t\t<li>\n\t\t\t\t\t\t\t\t\t\t\t\t\t\t\t\t\t\t\t\t\t<div class=\"image\">\n\t\t\t\t\t\t\t\t\t\t\t\t<a href=\"https:\/\/slspo.sk\/?p=6216\" aria-label=\"Sl\u00e1vnostn\u00fd za\u010diatok \u0161kolsk\u00e9ho roka &#8211; pr\u00edhovor riadite\u013ea \u0161koly\"><img decoding=\"async\" width=\"66\" height=\"66\" src=\"https:\/\/slspo.sk\/wp-content\/uploads\/2022\/09\/DSC_0564-66x66.jpg\" class=\"attachment-recent-works-thumbnail size-recent-works-thumbnail lazyload wp-post-image\" alt=\"Sl\u00e1vnostn\u00fd za\u010diatok \u0161kolsk\u00e9ho roka 2022\/2023 - pr\u00edhovor riadite\u013ea \u0161koly\" srcset=\"data:image\/svg+xml,%3Csvg%20xmlns%3D%27http%3A%2F%2Fwww.w3.org%2F2000%2Fsvg%27%20width%3D%271500%27%20height%3D%271000%27%20viewBox%3D%270%200%201500%201000%27%3E%3Crect%20width%3D%271500%27%20height%3D%2731000%27%20fill-opacity%3D%220%22%2F%3E%3C%2Fsvg%3E\" data-orig-src=\"https:\/\/slspo.sk\/wp-content\/uploads\/2022\/09\/DSC_0564-66x66.jpg\" data-srcset=\"https:\/\/slspo.sk\/wp-content\/uploads\/2022\/09\/DSC_0564-66x66.jpg 66w, https:\/\/slspo.sk\/wp-content\/uploads\/2022\/09\/DSC_0564-150x150.jpg 150w, https:\/\/slspo.sk\/wp-content\/uploads\/2022\/09\/DSC_0564-200x200.jpg 200w\" data-sizes=\"auto\" \/><\/a>\n\t\t\t\t\t\t\t\t\t\t\t<\/div>\n\t\t\t\t\t\t\t\t\t\t\n\t\t\t\t\t\t\t\t\t\t<div class=\"post-holder\">\n\t\t\t\t\t\t\t\t\t\t\t<a href=\"https:\/\/slspo.sk\/?p=6216\">Sl\u00e1vnostn\u00fd za\u010diatok \u0161kolsk\u00e9ho roka &#8211; pr\u00edhovor riadite\u013ea \u0161koly<\/a>\n\t\t\t\t\t\t\t\t\t\t\t<div class=\"fusion-meta\">\n\t\t\t\t\t\t\t\t\t\t\t\t5. septembra 2022\t\t\t\t\t\t\t\t\t\t\t<\/div>\n\t\t\t\t\t\t\t\t\t\t<\/div>\n\t\t\t\t\t\t\t\t\t<\/li>\n\t\t\t\t\t\t\t\t\t\t\t\t\t\t\t\t\t\t\t\t\t\t\t\t\t\t<li>\n\t\t\t\t\t\t\t\t\t\t\t\t\t\t\t\t\t\t\t\t\t<div class=\"image\">\n\t\t\t\t\t\t\t\t\t\t\t\t<a href=\"https:\/\/slspo.sk\/?p=11296\" aria-label=\"Spolo\u010dn\u00e9 chv\u00edle v Barli\u010dke\"><img decoding=\"async\" width=\"66\" height=\"66\" src=\"https:\/\/slspo.sk\/wp-content\/uploads\/2026\/04\/2026barlicka04index-66x66.jpg\" class=\"attachment-recent-works-thumbnail size-recent-works-thumbnail lazyload wp-post-image\" alt=\"Spolo\u010dn\u00e9 chv\u00edle v Barli\u010dke\" srcset=\"data:image\/svg+xml,%3Csvg%20xmlns%3D%27http%3A%2F%2Fwww.w3.org%2F2000%2Fsvg%27%20width%3D%271349%27%20height%3D%27899%27%20viewBox%3D%270%200%201349%20899%27%3E%3Crect%20width%3D%271349%27%20height%3D%273899%27%20fill-opacity%3D%220%22%2F%3E%3C%2Fsvg%3E\" data-orig-src=\"https:\/\/slspo.sk\/wp-content\/uploads\/2026\/04\/2026barlicka04index-66x66.jpg\" data-srcset=\"https:\/\/slspo.sk\/wp-content\/uploads\/2026\/04\/2026barlicka04index-66x66.jpg 66w, https:\/\/slspo.sk\/wp-content\/uploads\/2026\/04\/2026barlicka04index-150x150.jpg 150w\" data-sizes=\"auto\" \/><\/a>\n\t\t\t\t\t\t\t\t\t\t\t<\/div>\n\t\t\t\t\t\t\t\t\t\t\n\t\t\t\t\t\t\t\t\t\t<div class=\"post-holder\">\n\t\t\t\t\t\t\t\t\t\t\t<a href=\"https:\/\/slspo.sk\/?p=11296\">Spolo\u010dn\u00e9 chv\u00edle v Barli\u010dke<\/a>\n\t\t\t\t\t\t\t\t\t\t\t<div class=\"fusion-meta\">\n\t\t\t\t\t\t\t\t\t\t\t\t30. apr\u00edla 2026\t\t\t\t\t\t\t\t\t\t\t<\/div>\n\t\t\t\t\t\t\t\t\t\t<\/div>\n\t\t\t\t\t\t\t\t\t<\/li>\n\t\t\t\t\t\t\t\t\t\t\t\t\t\t\t\t\t\t\t\t\t\t\t\t\t\t<li>\n\t\t\t\t\t\t\t\t\t\t\t\t\t\t\t\t\t\t\t\t\t<div class=\"image\">\n\t\t\t\t\t\t\t\t\t\t\t\t<a href=\"https:\/\/slspo.sk\/?p=11285\" aria-label=\"Nap\u00ednav\u00fd hokejov\u00fd ve\u010der na z\u00e1ver sez\u00f3ny\"><img decoding=\"async\" width=\"66\" height=\"66\" src=\"https:\/\/slspo.sk\/wp-content\/uploads\/2026\/04\/2026hokej02index-66x66.jpg\" class=\"attachment-recent-works-thumbnail size-recent-works-thumbnail lazyload wp-post-image\" alt=\"Nap\u00ednav\u00fd hokejov\u00fd ve\u010der na z\u00e1ver sez\u00f3ny\" srcset=\"data:image\/svg+xml,%3Csvg%20xmlns%3D%27http%3A%2F%2Fwww.w3.org%2F2000%2Fsvg%27%20width%3D%272040%27%20height%3D%271360%27%20viewBox%3D%270%200%202040%201360%27%3E%3Crect%20width%3D%272040%27%20height%3D%2731360%27%20fill-opacity%3D%220%22%2F%3E%3C%2Fsvg%3E\" data-orig-src=\"https:\/\/slspo.sk\/wp-content\/uploads\/2026\/04\/2026hokej02index-66x66.jpg\" data-srcset=\"https:\/\/slspo.sk\/wp-content\/uploads\/2026\/04\/2026hokej02index-66x66.jpg 66w, https:\/\/slspo.sk\/wp-content\/uploads\/2026\/04\/2026hokej02index-150x150.jpg 150w\" data-sizes=\"auto\" \/><\/a>\n\t\t\t\t\t\t\t\t\t\t\t<\/div>\n\t\t\t\t\t\t\t\t\t\t\n\t\t\t\t\t\t\t\t\t\t<div class=\"post-holder\">\n\t\t\t\t\t\t\t\t\t\t\t<a href=\"https:\/\/slspo.sk\/?p=11285\">Nap\u00ednav\u00fd hokejov\u00fd ve\u010der na z\u00e1ver sez\u00f3ny<\/a>\n\t\t\t\t\t\t\t\t\t\t\t<div class=\"fusion-meta\">\n\t\t\t\t\t\t\t\t\t\t\t\t27. apr\u00edla 2026\t\t\t\t\t\t\t\t\t\t\t<\/div>\n\t\t\t\t\t\t\t\t\t\t<\/div>\n\t\t\t\t\t\t\t\t\t<\/li>\n\t\t\t\t\t\t\t\t\n\t\t\t\t\t\t\t\t\t\t\t\t\t\t\t\t\t\t\t\t\t<\/ul>\n\t\t\t\t\t<\/div>\n\n\t\t\t\t\n\t\t\t\t\n\t\t\t\t\t<div class=\"fusion-tab-recent fusion-tab-content tab tab_content\" data-name=\"fusion-tab-recent\" style=\"display: none;\">\n\n\t\t\t\t\t\t\n\t\t\t\t\t\t<ul class=\"fusion-tabs-widget-items news-list\">\n\t\t\t\t\t\t\t\t\t\t\t\t\t\t\t\t\t\t\t\t\t\t\t\t\t\t\t\t\t\t\t\t\t<li>\n\t\t\t\t\t\t\t\t\t\t\t\t\t\t\t\t\t\t\t\t\t<div class=\"image\">\n\t\t\t\t\t\t\t\t\t\t\t\t<a href=\"https:\/\/slspo.sk\/?p=11296\" aria-label=\"Spolo\u010dn\u00e9 chv\u00edle v Barli\u010dke\"><img decoding=\"async\" width=\"66\" height=\"66\" src=\"https:\/\/slspo.sk\/wp-content\/uploads\/2026\/04\/2026barlicka04index-66x66.jpg\" class=\"attachment-recent-works-thumbnail size-recent-works-thumbnail lazyload wp-post-image\" alt=\"Spolo\u010dn\u00e9 chv\u00edle v Barli\u010dke\" srcset=\"data:image\/svg+xml,%3Csvg%20xmlns%3D%27http%3A%2F%2Fwww.w3.org%2F2000%2Fsvg%27%20width%3D%271349%27%20height%3D%27899%27%20viewBox%3D%270%200%201349%20899%27%3E%3Crect%20width%3D%271349%27%20height%3D%273899%27%20fill-opacity%3D%220%22%2F%3E%3C%2Fsvg%3E\" data-orig-src=\"https:\/\/slspo.sk\/wp-content\/uploads\/2026\/04\/2026barlicka04index-66x66.jpg\" data-srcset=\"https:\/\/slspo.sk\/wp-content\/uploads\/2026\/04\/2026barlicka04index-66x66.jpg 66w, https:\/\/slspo.sk\/wp-content\/uploads\/2026\/04\/2026barlicka04index-150x150.jpg 150w\" data-sizes=\"auto\" \/><\/a>\n\t\t\t\t\t\t\t\t\t\t\t<\/div>\n\t\t\t\t\t\t\t\t\t\t\t\t\t\t\t\t\t\t\t\t<div class=\"post-holder\">\n\t\t\t\t\t\t\t\t\t\t\t<a href=\"https:\/\/slspo.sk\/?p=11296\">Spolo\u010dn\u00e9 chv\u00edle v Barli\u010dke<\/a>\n\t\t\t\t\t\t\t\t\t\t\t<div class=\"fusion-meta\">\n\t\t\t\t\t\t\t\t\t\t\t\t30. apr\u00edla 2026\t\t\t\t\t\t\t\t\t\t\t<\/div>\n\t\t\t\t\t\t\t\t\t\t<\/div>\n\t\t\t\t\t\t\t\t\t<\/li>\n\t\t\t\t\t\t\t\t\t\t\t\t\t\t\t\t\t\t\t\t\t\t\t\t\t\t<li>\n\t\t\t\t\t\t\t\t\t\t\t\t\t\t\t\t\t\t\t\t\t<div class=\"image\">\n\t\t\t\t\t\t\t\t\t\t\t\t<a href=\"https:\/\/slspo.sk\/?p=11285\" aria-label=\"Nap\u00ednav\u00fd hokejov\u00fd ve\u010der na z\u00e1ver sez\u00f3ny\"><img decoding=\"async\" width=\"66\" height=\"66\" src=\"https:\/\/slspo.sk\/wp-content\/uploads\/2026\/04\/2026hokej02index-66x66.jpg\" class=\"attachment-recent-works-thumbnail size-recent-works-thumbnail lazyload wp-post-image\" alt=\"Nap\u00ednav\u00fd hokejov\u00fd ve\u010der na z\u00e1ver sez\u00f3ny\" srcset=\"data:image\/svg+xml,%3Csvg%20xmlns%3D%27http%3A%2F%2Fwww.w3.org%2F2000%2Fsvg%27%20width%3D%272040%27%20height%3D%271360%27%20viewBox%3D%270%200%202040%201360%27%3E%3Crect%20width%3D%272040%27%20height%3D%2731360%27%20fill-opacity%3D%220%22%2F%3E%3C%2Fsvg%3E\" data-orig-src=\"https:\/\/slspo.sk\/wp-content\/uploads\/2026\/04\/2026hokej02index-66x66.jpg\" data-srcset=\"https:\/\/slspo.sk\/wp-content\/uploads\/2026\/04\/2026hokej02index-66x66.jpg 66w, https:\/\/slspo.sk\/wp-content\/uploads\/2026\/04\/2026hokej02index-150x150.jpg 150w\" data-sizes=\"auto\" \/><\/a>\n\t\t\t\t\t\t\t\t\t\t\t<\/div>\n\t\t\t\t\t\t\t\t\t\t\t\t\t\t\t\t\t\t\t\t<div class=\"post-holder\">\n\t\t\t\t\t\t\t\t\t\t\t<a href=\"https:\/\/slspo.sk\/?p=11285\">Nap\u00ednav\u00fd hokejov\u00fd ve\u010der na z\u00e1ver sez\u00f3ny<\/a>\n\t\t\t\t\t\t\t\t\t\t\t<div class=\"fusion-meta\">\n\t\t\t\t\t\t\t\t\t\t\t\t27. apr\u00edla 2026\t\t\t\t\t\t\t\t\t\t\t<\/div>\n\t\t\t\t\t\t\t\t\t\t<\/div>\n\t\t\t\t\t\t\t\t\t<\/li>\n\t\t\t\t\t\t\t\t\t\t\t\t\t\t\t\t\t\t\t\t\t\t\t\t\t\t<li>\n\t\t\t\t\t\t\t\t\t\t\t\t\t\t\t\t\t\t\t\t\t<div class=\"image\">\n\t\t\t\t\t\t\t\t\t\t\t\t<a href=\"https:\/\/slspo.sk\/?p=11278\" aria-label=\"Nov\u00e9 \u010d\u00edslo \u0161tudentsk\u00e9ho \u010dasopisu SILVUM je na svete\"><img decoding=\"async\" width=\"66\" height=\"66\" src=\"https:\/\/slspo.sk\/wp-content\/uploads\/2026\/04\/silvum012026index-66x66.png\" class=\"attachment-recent-works-thumbnail size-recent-works-thumbnail lazyload wp-post-image\" alt=\"\" srcset=\"data:image\/svg+xml,%3Csvg%20xmlns%3D%27http%3A%2F%2Fwww.w3.org%2F2000%2Fsvg%27%20width%3D%27600%27%20height%3D%27400%27%20viewBox%3D%270%200%20600%20400%27%3E%3Crect%20width%3D%27600%27%20height%3D%273400%27%20fill-opacity%3D%220%22%2F%3E%3C%2Fsvg%3E\" data-orig-src=\"https:\/\/slspo.sk\/wp-content\/uploads\/2026\/04\/silvum012026index-66x66.png\" data-srcset=\"https:\/\/slspo.sk\/wp-content\/uploads\/2026\/04\/silvum012026index-66x66.png 66w, https:\/\/slspo.sk\/wp-content\/uploads\/2026\/04\/silvum012026index-150x150.png 150w\" data-sizes=\"auto\" \/><\/a>\n\t\t\t\t\t\t\t\t\t\t\t<\/div>\n\t\t\t\t\t\t\t\t\t\t\t\t\t\t\t\t\t\t\t\t<div class=\"post-holder\">\n\t\t\t\t\t\t\t\t\t\t\t<a href=\"https:\/\/slspo.sk\/?p=11278\">Nov\u00e9 \u010d\u00edslo \u0161tudentsk\u00e9ho \u010dasopisu SILVUM je na svete<\/a>\n\t\t\t\t\t\t\t\t\t\t\t<div class=\"fusion-meta\">\n\t\t\t\t\t\t\t\t\t\t\t\t23. apr\u00edla 2026\t\t\t\t\t\t\t\t\t\t\t<\/div>\n\t\t\t\t\t\t\t\t\t\t<\/div>\n\t\t\t\t\t\t\t\t\t<\/li>\n\t\t\t\t\t\t\t\t\t\t\t\t\t\t\t\t\t\t\t\t\t\t\t\t\t\t\t\t\t<\/ul>\n\t\t\t\t\t<\/div>\n\t\t\t\t\n\t\t\t\t\t\t\t<\/div>\n\t\t<\/div>\n\t\t<\/section><section id=\"facebook-like-widget-2\" class=\"widget facebook_like\" style=\"border-style: solid;border-color:transparent;border-width:0px;\"><div class=\"heading\"><h4 class=\"widget-title\">N\u00e1jdite n\u00e1s na Facebooku<\/h4><\/div>\n\t\t\t\t\t\t\t\t\t\t\t\t<script>\n\t\t\t\n\t\t\t\t\twindow.fbAsyncInit = function() {\n\t\t\t\t\t\tfusion_resize_page_widget();\n\n\t\t\t\t\t\tjQuery( window ).resize( function() {\n\t\t\t\t\t\t\tfusion_resize_page_widget();\n\t\t\t\t\t\t});\n\n\t\t\t\t\t\tfunction fusion_resize_page_widget() {\n\t\t\t\t\t\t\tvar availableSpace     = jQuery( '.facebook-like-widget-2' ).width(),\n\t\t\t\t\t\t\t\tlastAvailableSPace = jQuery( '.facebook-like-widget-2 .fb-page' ).attr( 'data-width' ),\n\t\t\t\t\t\t\t\tmaxWidth           = 268;\n\n\t\t\t\t\t\t\tif ( 1 > availableSpace ) {\n\t\t\t\t\t\t\t\tavailableSpace = maxWidth;\n\t\t\t\t\t\t\t}\n\n\t\t\t\t\t\t\tif ( availableSpace != lastAvailableSPace && availableSpace != maxWidth ) {\n\t\t\t\t\t\t\t\tif ( maxWidth < availableSpace ) {\n\t\t\t\t\t\t\t\t\tavailableSpace = maxWidth;\n\t\t\t\t\t\t\t\t}\n\t\t\t\t\t\t\t\tjQuery('.facebook-like-widget-2 .fb-page' ).attr( 'data-width', availableSpace );\n\t\t\t\t\t\t\t\tif ( 'undefined' !== typeof FB ) {\n\t\t\t\t\t\t\t\t\tFB.XFBML.parse();\n\t\t\t\t\t\t\t\t}\n\t\t\t\t\t\t\t}\n\t\t\t\t\t\t}\n\t\t\t\t\t};\n\n\t\t\t\t\t( function( d, s, id ) {\n\t\t\t\t\t\tvar js,\n\t\t\t\t\t\t\tfjs = d.getElementsByTagName( s )[0];\n\t\t\t\t\t\tif ( d.getElementById( id ) ) {\n\t\t\t\t\t\t\treturn;\n\t\t\t\t\t\t}\n\t\t\t\t\t\tjs     = d.createElement( s );\n\t\t\t\t\t\tjs.id  = id;\n\t\t\t\t\t\tjs.src = \"https:\/\/connect.facebook.net\/sk_SK\/sdk.js#xfbml=1&version=v8.0&appId=\";\n\t\t\t\t\t\tfjs.parentNode.insertBefore( js, fjs );\n\t\t\t\t\t}( document, 'script', 'facebook-jssdk' ) );\n\n\t\t\t\t\t\t\t<\/script>\n\t\t\t\n\t\t\t<div class=\"fb-like-box-container facebook-like-widget-2\" id=\"fb-root\">\n\t\t\t\t<div class=\"fb-page\" data-href=\"https:\/\/www.facebook.com\/soslesnicka\" data-original-width=\"268\" data-width=\"268\" data-adapt-container-width=\"true\" data-small-header=\"false\" data-height=\"540\" data-hide-cover=\"false\" data-show-facepile=\"true\" data-tabs=\"timeline\"><\/div>\n\t\t\t<\/div>\n\t\t\t<\/section><div class=\"fusion-additional-widget-content\"><\/div><\/div><\/div><\/div><style type=\"text\/css\">.fusion-body .fusion-builder-column-1{width:33.3333333333% !important;margin-top : 10px;margin-bottom : 10px;}.fusion-builder-column-1 > .fusion-column-wrapper {padding-top : 7% !important;padding-right : 7% !important;margin-right : 5.76%;padding-bottom : 7% !important;padding-left : 7% !important;margin-left : 4.8%;}@media only screen and (max-width:1024px) {.fusion-body .fusion-builder-column-1{width:100% !important;}.fusion-builder-column-1 > .fusion-column-wrapper {margin-right : 1.92%;margin-left : 1.92%;}}@media only screen and (max-width:640px) {.fusion-body .fusion-builder-column-1{width:100% !important;}.fusion-builder-column-1 > .fusion-column-wrapper {margin-right : 1.92%;margin-left : 1.92%;}}<\/style><\/div><style type=\"text\/css\">.fusion-body .fusion-flex-container.fusion-builder-row-1{ padding-top : 0px;margin-top : 0px;padding-right : 0px;padding-bottom : 80px;margin-bottom : 0px;padding-left : 0px;}@media only screen and (max-width:1024px) {.fusion-body .fusion-flex-container.fusion-builder-row-1{ padding-right : 60px;padding-left : 60px;}}<\/style><\/div><div class=\"fusion-fullwidth fullwidth-box fusion-builder-row-2 fusion-flex-container nonhundred-percent-fullwidth non-hundred-percent-height-scrolling\" style=\"background-color: #333c4e;background-position: left top;background-repeat: no-repeat;border-width: 0px 0px 0px 0px;border-color:#e7e4e2;border-style:solid;\" ><div class=\"fusion-builder-row fusion-row fusion-flex-align-items-flex-start\" style=\"max-width:calc( 1280px + 0px );margin-left: calc(-0px \/ 2 );margin-right: calc(-0px \/ 2 );\"><div class=\"fusion-layout-column fusion_builder_column fusion-builder-column-2 fusion_builder_column_1_1 1_1 fusion-flex-column fusion-flex-align-self-flex-start fusion-column-no-min-height\"><div class=\"fusion-column-wrapper fusion-flex-justify-content-flex-start fusion-content-layout-column\" style=\"background-position:left top;background-repeat:no-repeat;-webkit-background-size:cover;-moz-background-size:cover;-o-background-size:cover;background-size:cover;padding: 0px 0px 0px 0px;\"><style type=\"text\/css\">.fusion-title.fusion-title-1 svg path{stroke-width:6!important}@media only screen and (max-width:1024px) {.fusion-title.fusion-title-1{margin-top:10px!important;margin-bottom:24px!important;}}@media only screen and (max-width:640px) {.fusion-title.fusion-title-1{margin-top:10px!important;margin-bottom:20px!important;}}<\/style><div class=\"fusion-title title fusion-title-1 fusion-sep-none fusion-title-center fusion-title-highlight fusion-loop-off fusion-highlight-underline fusion-title-size-two\" style=\"margin-top:10px;margin-bottom:24px;\" data-highlight=\"underline\"><h2 class=\"title-heading-center\" style=\"margin:0;color:#ffffff;\"><span class=\"fusion-highlighted-text-prefix\">Pridaj sa k<\/span> <span class=\"fusion-highlighted-text-wrapper\"><span class=\"fusion-highlighted-text\" style=\"color:#f09a3e;\">tis\u00edckam absolventov,<\/span><\/span> <span class=\"fusion-highlighted-text-postfix\">ktor\u00ed s\u00fa dnes \u00faspe\u0161n\u00fdmi lesn\u00edkmi.<\/span><\/h2><\/div><div class=\"fusion-separator fusion-full-width-sep\" style=\"align-self: center;margin-left: auto;margin-right: auto;margin-top:-25px;width:100%;\"><\/div><div class=\"fusion-text fusion-text-5\" style=\"transform:translate3d(0,0,0);\"><p style=\"text-align: center; font-size: 20px;\">Vyber si svoje zameranie a \u0161tuduj to, \u010do \u0165a bav\u00ed.<\/p>\n<\/div><div class=\"fusion-separator fusion-full-width-sep\" style=\"align-self: center;margin-left: auto;margin-right: auto;margin-top:15px;width:100%;\"><\/div><div style=\"text-align:center;\"><style type=\"text\/css\">.fusion-button.button-3 {border-radius:0px;}<\/style><a class=\"fusion-button button-flat fusion-button-default-size button-default button-3 fusion-button-default-span fusion-button-default-type\" target=\"_self\" title=\"Uch\u00e1dza\u010di\" href=\"https:\/\/slspo.sk\/?page_id=6361\"><i class=\"university-street-view button-icon-left\" aria-hidden=\"true\"><\/i><span class=\"fusion-button-text\">DOZVEDIE\u0164 SA VIAC<\/span><\/a><\/div><\/div><\/div><style type=\"text\/css\">.fusion-body .fusion-builder-column-2{width:100% !important;margin-top : 3%;margin-bottom : 3%;}.fusion-builder-column-2 > .fusion-column-wrapper {padding-top : 0px !important;padding-right : 0px !important;margin-right : 0px;padding-bottom : 0px !important;padding-left : 0px !important;margin-left : 0px;}@media only screen and (max-width:1024px) {.fusion-body .fusion-builder-column-2{width:100% !important;}.fusion-builder-column-2 > .fusion-column-wrapper {margin-right : 0px;margin-left : 0px;}}@media only screen and (max-width:640px) {.fusion-body .fusion-builder-column-2{width:100% !important;}.fusion-builder-column-2 > .fusion-column-wrapper {margin-right : 0px;margin-left : 0px;}}<\/style><\/div><style type=\"text\/css\">.fusion-body .fusion-flex-container.fusion-builder-row-2{ padding-top : 50px;margin-top : 0px;padding-right : 0px;padding-bottom : 45px;margin-bottom : 0px;padding-left : 0px;}@media only screen and (max-width:640px) {.fusion-body .fusion-flex-container.fusion-builder-row-2{ padding-right : 50px;padding-left : 50px;}}<\/style><\/div>\n<\/p>\n","protected":false},"excerpt":{"rendered":"","protected":false},"author":1,"featured_media":6876,"comment_status":"open","ping_status":"open","sticky":false,"template":"","format":"standard","meta":{"ngg_post_thumbnail":0,"footnotes":""},"categories":[234],"tags":[],"class_list":["post-6907","post","type-post","status-publish","format-standard","has-post-thumbnail","hentry","category-aktuality"],"yoast_head":"<!-- This site is optimized with the Yoast SEO plugin v27.5 - https:\/\/yoast.com\/product\/yoast-seo-wordpress\/ -->\n<title>\u00daspech na\u0161ich \u0161tudentov v s\u00fa\u0165a\u017ei amat\u00e9rskej fotografie AMFO 2023 - Stredn\u00e1 odborn\u00e1 \u0161kola lesn\u00edcka v Pre\u0161ove<\/title>\n<meta name=\"description\" content=\"Martin Miklo\u0161 (I.A) a\u00a0Tamara Jakubkov\u00e1 (IV.B) boli \u00faspe\u0161n\u00ed v celo\u0161t\u00e1tnej postupovej s\u00fa\u0165a\u017ei amat\u00e9rskych fotografov AMFO 2023, ktor\u00fa organizovalo N\u00e1rodn\u00e9 osvetov\u00e9 centrum.\" \/>\n<meta name=\"robots\" content=\"index, follow, max-snippet:-1, max-image-preview:large, max-video-preview:-1\" \/>\n<link rel=\"canonical\" href=\"https:\/\/slspo.sk\/?p=6907\" \/>\n<meta property=\"og:locale\" content=\"sk_SK\" \/>\n<meta property=\"og:type\" content=\"article\" \/>\n<meta property=\"og:title\" content=\"\u00daspech na\u0161ich \u0161tudentov v s\u00fa\u0165a\u017ei amat\u00e9rskej fotografie AMFO 2023 - Stredn\u00e1 odborn\u00e1 \u0161kola lesn\u00edcka v Pre\u0161ove\" \/>\n<meta property=\"og:description\" content=\"Martin Miklo\u0161 (I.A) a\u00a0Tamara Jakubkov\u00e1 (IV.B) boli \u00faspe\u0161n\u00ed v celo\u0161t\u00e1tnej postupovej s\u00fa\u0165a\u017ei amat\u00e9rskych fotografov AMFO 2023, ktor\u00fa organizovalo N\u00e1rodn\u00e9 osvetov\u00e9 centrum.\" \/>\n<meta property=\"og:url\" content=\"https:\/\/slspo.sk\/?p=6907\" \/>\n<meta property=\"og:site_name\" content=\"Stredn\u00e1 odborn\u00e1 \u0161kola lesn\u00edcka v Pre\u0161ove\" \/>\n<meta property=\"article:publisher\" content=\"https:\/\/www.facebook.com\/soslesnicka\/\" \/>\n<meta property=\"article:published_time\" content=\"2023-02-23T12:47:58+00:00\" \/>\n<meta property=\"article:modified_time\" content=\"2023-02-23T12:51:41+00:00\" \/>\n<meta property=\"og:image\" content=\"https:\/\/slspo.sk\/wp-content\/uploads\/2023\/02\/DSC_0800_index.jpg\" \/>\n\t<meta property=\"og:image:width\" content=\"1800\" \/>\n\t<meta property=\"og:image:height\" content=\"1200\" \/>\n\t<meta property=\"og:image:type\" content=\"image\/jpeg\" \/>\n<meta name=\"author\" content=\"Adles\" \/>\n<meta name=\"twitter:card\" content=\"summary_large_image\" \/>\n<meta name=\"twitter:label1\" content=\"Autor\" \/>\n\t<meta name=\"twitter:data1\" content=\"Adles\" \/>\n\t<meta name=\"twitter:label2\" content=\"Predpokladan\u00fd \u010das \u010d\u00edtania\" \/>\n\t<meta name=\"twitter:data2\" content=\"6 min\u00fat\" \/>\n<script type=\"application\/ld+json\" class=\"yoast-schema-graph\">{\"@context\":\"https:\\\/\\\/schema.org\",\"@graph\":[{\"@type\":\"Article\",\"@id\":\"https:\\\/\\\/slspo.sk\\\/?p=6907#article\",\"isPartOf\":{\"@id\":\"https:\\\/\\\/slspo.sk\\\/?p=6907\"},\"author\":{\"name\":\"Adles\",\"@id\":\"https:\\\/\\\/slspo.sk\\\/#\\\/schema\\\/person\\\/d3719b9ed3bb76906bcc91f67be64813\"},\"headline\":\"\u00daspech na\u0161ich \u0161tudentov v s\u00fa\u0165a\u017ei amat\u00e9rskej fotografie AMFO 2023\",\"datePublished\":\"2023-02-23T12:47:58+00:00\",\"dateModified\":\"2023-02-23T12:51:41+00:00\",\"mainEntityOfPage\":{\"@id\":\"https:\\\/\\\/slspo.sk\\\/?p=6907\"},\"wordCount\":1841,\"commentCount\":0,\"publisher\":{\"@id\":\"https:\\\/\\\/slspo.sk\\\/#organization\"},\"image\":{\"@id\":\"https:\\\/\\\/slspo.sk\\\/?p=6907#primaryimage\"},\"thumbnailUrl\":\"https:\\\/\\\/slspo.sk\\\/wp-content\\\/uploads\\\/2023\\\/02\\\/DSC_0800_index.jpg\",\"articleSection\":[\"Aktuality\"],\"inLanguage\":\"sk-SK\",\"potentialAction\":[{\"@type\":\"CommentAction\",\"name\":\"Comment\",\"target\":[\"https:\\\/\\\/slspo.sk\\\/?p=6907#respond\"]}]},{\"@type\":\"WebPage\",\"@id\":\"https:\\\/\\\/slspo.sk\\\/?p=6907\",\"url\":\"https:\\\/\\\/slspo.sk\\\/?p=6907\",\"name\":\"\u00daspech na\u0161ich \u0161tudentov v s\u00fa\u0165a\u017ei amat\u00e9rskej fotografie AMFO 2023 - Stredn\u00e1 odborn\u00e1 \u0161kola lesn\u00edcka v Pre\u0161ove\",\"isPartOf\":{\"@id\":\"https:\\\/\\\/slspo.sk\\\/#website\"},\"primaryImageOfPage\":{\"@id\":\"https:\\\/\\\/slspo.sk\\\/?p=6907#primaryimage\"},\"image\":{\"@id\":\"https:\\\/\\\/slspo.sk\\\/?p=6907#primaryimage\"},\"thumbnailUrl\":\"https:\\\/\\\/slspo.sk\\\/wp-content\\\/uploads\\\/2023\\\/02\\\/DSC_0800_index.jpg\",\"datePublished\":\"2023-02-23T12:47:58+00:00\",\"dateModified\":\"2023-02-23T12:51:41+00:00\",\"description\":\"Martin Miklo\u0161 (I.A) a\u00a0Tamara Jakubkov\u00e1 (IV.B) boli \u00faspe\u0161n\u00ed v celo\u0161t\u00e1tnej postupovej s\u00fa\u0165a\u017ei amat\u00e9rskych fotografov AMFO 2023, ktor\u00fa organizovalo N\u00e1rodn\u00e9 osvetov\u00e9 centrum.\",\"breadcrumb\":{\"@id\":\"https:\\\/\\\/slspo.sk\\\/?p=6907#breadcrumb\"},\"inLanguage\":\"sk-SK\",\"potentialAction\":[{\"@type\":\"ReadAction\",\"target\":[\"https:\\\/\\\/slspo.sk\\\/?p=6907\"]}]},{\"@type\":\"ImageObject\",\"inLanguage\":\"sk-SK\",\"@id\":\"https:\\\/\\\/slspo.sk\\\/?p=6907#primaryimage\",\"url\":\"https:\\\/\\\/slspo.sk\\\/wp-content\\\/uploads\\\/2023\\\/02\\\/DSC_0800_index.jpg\",\"contentUrl\":\"https:\\\/\\\/slspo.sk\\\/wp-content\\\/uploads\\\/2023\\\/02\\\/DSC_0800_index.jpg\",\"width\":1800,\"height\":1200,\"caption\":\"\u00daspech na\u0161ich \u0161tudentov na s\u00fa\u0165a\u017ei amat\u00e9rskej fotografie AMFO 2023 \u2013 Vyhodnotenie\"},{\"@type\":\"BreadcrumbList\",\"@id\":\"https:\\\/\\\/slspo.sk\\\/?p=6907#breadcrumb\",\"itemListElement\":[{\"@type\":\"ListItem\",\"position\":1,\"name\":\"Domovsk\u00e1 str\u00e1nka\",\"item\":\"https:\\\/\\\/slspo.sk\\\/\"},{\"@type\":\"ListItem\",\"position\":2,\"name\":\"\u00daspech na\u0161ich \u0161tudentov v s\u00fa\u0165a\u017ei amat\u00e9rskej fotografie AMFO 2023\"}]},{\"@type\":\"WebSite\",\"@id\":\"https:\\\/\\\/slspo.sk\\\/#website\",\"url\":\"https:\\\/\\\/slspo.sk\\\/\",\"name\":\"Stredn\u00e1 odborn\u00e1 \u0161kola lesn\u00edcka v Pre\u0161ove\",\"description\":\"Centrum odborn\u00e9ho vzdel\u00e1vania a pr\u00edpravy v lesn\u00edctve. \u0160kola je modernou vzdel\u00e1vacou in\u0161tit\u00faciou pon\u00fakaj\u00facou vzdel\u00e1vanie a v\u00fdchovu bud\u00facich mana\u017e\u00e9rov v oblasti lesn\u00edctva, po\u013eovn\u00edctva, \u010di ochrany pr\u00edrody a krajiny.\",\"publisher\":{\"@id\":\"https:\\\/\\\/slspo.sk\\\/#organization\"},\"potentialAction\":[{\"@type\":\"SearchAction\",\"target\":{\"@type\":\"EntryPoint\",\"urlTemplate\":\"https:\\\/\\\/slspo.sk\\\/?s={search_term_string}\"},\"query-input\":{\"@type\":\"PropertyValueSpecification\",\"valueRequired\":true,\"valueName\":\"search_term_string\"}}],\"inLanguage\":\"sk-SK\"},{\"@type\":\"Organization\",\"@id\":\"https:\\\/\\\/slspo.sk\\\/#organization\",\"name\":\"Stredn\u00e1 odborn\u00e1 \u0161kola lesn\u00edcka v Pre\u0161ove\",\"url\":\"https:\\\/\\\/slspo.sk\\\/\",\"logo\":{\"@type\":\"ImageObject\",\"inLanguage\":\"sk-SK\",\"@id\":\"https:\\\/\\\/slspo.sk\\\/#\\\/schema\\\/logo\\\/image\\\/\",\"url\":\"https:\\\/\\\/slspo.sk\\\/wp-content\\\/uploads\\\/2021\\\/12\\\/logo_slspo.png\",\"contentUrl\":\"https:\\\/\\\/slspo.sk\\\/wp-content\\\/uploads\\\/2021\\\/12\\\/logo_slspo.png\",\"width\":1306,\"height\":1128,\"caption\":\"Stredn\u00e1 odborn\u00e1 \u0161kola lesn\u00edcka v Pre\u0161ove\"},\"image\":{\"@id\":\"https:\\\/\\\/slspo.sk\\\/#\\\/schema\\\/logo\\\/image\\\/\"},\"sameAs\":[\"https:\\\/\\\/www.facebook.com\\\/soslesnicka\\\/\"]},{\"@type\":\"Person\",\"@id\":\"https:\\\/\\\/slspo.sk\\\/#\\\/schema\\\/person\\\/d3719b9ed3bb76906bcc91f67be64813\",\"name\":\"Adles\",\"image\":{\"@type\":\"ImageObject\",\"inLanguage\":\"sk-SK\",\"@id\":\"https:\\\/\\\/secure.gravatar.com\\\/avatar\\\/634bab1a0cf85a4068d0841aeb0c8fe97b496a456f8252aa8ccac6c660d6d7cf?s=96&d=mm&r=g\",\"url\":\"https:\\\/\\\/secure.gravatar.com\\\/avatar\\\/634bab1a0cf85a4068d0841aeb0c8fe97b496a456f8252aa8ccac6c660d6d7cf?s=96&d=mm&r=g\",\"contentUrl\":\"https:\\\/\\\/secure.gravatar.com\\\/avatar\\\/634bab1a0cf85a4068d0841aeb0c8fe97b496a456f8252aa8ccac6c660d6d7cf?s=96&d=mm&r=g\",\"caption\":\"Adles\"},\"sameAs\":[\"https:\\\/\\\/slspo.sk\"],\"url\":\"https:\\\/\\\/slspo.sk\\\/?author=1\"}]}<\/script>\n<!-- \/ Yoast SEO plugin. -->","yoast_head_json":{"title":"\u00daspech na\u0161ich \u0161tudentov v s\u00fa\u0165a\u017ei amat\u00e9rskej fotografie AMFO 2023 - Stredn\u00e1 odborn\u00e1 \u0161kola lesn\u00edcka v Pre\u0161ove","description":"Martin Miklo\u0161 (I.A) a\u00a0Tamara Jakubkov\u00e1 (IV.B) boli \u00faspe\u0161n\u00ed v celo\u0161t\u00e1tnej postupovej s\u00fa\u0165a\u017ei amat\u00e9rskych fotografov AMFO 2023, ktor\u00fa organizovalo N\u00e1rodn\u00e9 osvetov\u00e9 centrum.","robots":{"index":"index","follow":"follow","max-snippet":"max-snippet:-1","max-image-preview":"max-image-preview:large","max-video-preview":"max-video-preview:-1"},"canonical":"https:\/\/slspo.sk\/?p=6907","og_locale":"sk_SK","og_type":"article","og_title":"\u00daspech na\u0161ich \u0161tudentov v s\u00fa\u0165a\u017ei amat\u00e9rskej fotografie AMFO 2023 - Stredn\u00e1 odborn\u00e1 \u0161kola lesn\u00edcka v Pre\u0161ove","og_description":"Martin Miklo\u0161 (I.A) a\u00a0Tamara Jakubkov\u00e1 (IV.B) boli \u00faspe\u0161n\u00ed v celo\u0161t\u00e1tnej postupovej s\u00fa\u0165a\u017ei amat\u00e9rskych fotografov AMFO 2023, ktor\u00fa organizovalo N\u00e1rodn\u00e9 osvetov\u00e9 centrum.","og_url":"https:\/\/slspo.sk\/?p=6907","og_site_name":"Stredn\u00e1 odborn\u00e1 \u0161kola lesn\u00edcka v Pre\u0161ove","article_publisher":"https:\/\/www.facebook.com\/soslesnicka\/","article_published_time":"2023-02-23T12:47:58+00:00","article_modified_time":"2023-02-23T12:51:41+00:00","og_image":[{"width":1800,"height":1200,"url":"https:\/\/slspo.sk\/wp-content\/uploads\/2023\/02\/DSC_0800_index.jpg","type":"image\/jpeg"}],"author":"Adles","twitter_card":"summary_large_image","twitter_misc":{"Autor":"Adles","Predpokladan\u00fd \u010das \u010d\u00edtania":"6 min\u00fat"},"schema":{"@context":"https:\/\/schema.org","@graph":[{"@type":"Article","@id":"https:\/\/slspo.sk\/?p=6907#article","isPartOf":{"@id":"https:\/\/slspo.sk\/?p=6907"},"author":{"name":"Adles","@id":"https:\/\/slspo.sk\/#\/schema\/person\/d3719b9ed3bb76906bcc91f67be64813"},"headline":"\u00daspech na\u0161ich \u0161tudentov v s\u00fa\u0165a\u017ei amat\u00e9rskej fotografie AMFO 2023","datePublished":"2023-02-23T12:47:58+00:00","dateModified":"2023-02-23T12:51:41+00:00","mainEntityOfPage":{"@id":"https:\/\/slspo.sk\/?p=6907"},"wordCount":1841,"commentCount":0,"publisher":{"@id":"https:\/\/slspo.sk\/#organization"},"image":{"@id":"https:\/\/slspo.sk\/?p=6907#primaryimage"},"thumbnailUrl":"https:\/\/slspo.sk\/wp-content\/uploads\/2023\/02\/DSC_0800_index.jpg","articleSection":["Aktuality"],"inLanguage":"sk-SK","potentialAction":[{"@type":"CommentAction","name":"Comment","target":["https:\/\/slspo.sk\/?p=6907#respond"]}]},{"@type":"WebPage","@id":"https:\/\/slspo.sk\/?p=6907","url":"https:\/\/slspo.sk\/?p=6907","name":"\u00daspech na\u0161ich \u0161tudentov v s\u00fa\u0165a\u017ei amat\u00e9rskej fotografie AMFO 2023 - Stredn\u00e1 odborn\u00e1 \u0161kola lesn\u00edcka v Pre\u0161ove","isPartOf":{"@id":"https:\/\/slspo.sk\/#website"},"primaryImageOfPage":{"@id":"https:\/\/slspo.sk\/?p=6907#primaryimage"},"image":{"@id":"https:\/\/slspo.sk\/?p=6907#primaryimage"},"thumbnailUrl":"https:\/\/slspo.sk\/wp-content\/uploads\/2023\/02\/DSC_0800_index.jpg","datePublished":"2023-02-23T12:47:58+00:00","dateModified":"2023-02-23T12:51:41+00:00","description":"Martin Miklo\u0161 (I.A) a\u00a0Tamara Jakubkov\u00e1 (IV.B) boli \u00faspe\u0161n\u00ed v celo\u0161t\u00e1tnej postupovej s\u00fa\u0165a\u017ei amat\u00e9rskych fotografov AMFO 2023, ktor\u00fa organizovalo N\u00e1rodn\u00e9 osvetov\u00e9 centrum.","breadcrumb":{"@id":"https:\/\/slspo.sk\/?p=6907#breadcrumb"},"inLanguage":"sk-SK","potentialAction":[{"@type":"ReadAction","target":["https:\/\/slspo.sk\/?p=6907"]}]},{"@type":"ImageObject","inLanguage":"sk-SK","@id":"https:\/\/slspo.sk\/?p=6907#primaryimage","url":"https:\/\/slspo.sk\/wp-content\/uploads\/2023\/02\/DSC_0800_index.jpg","contentUrl":"https:\/\/slspo.sk\/wp-content\/uploads\/2023\/02\/DSC_0800_index.jpg","width":1800,"height":1200,"caption":"\u00daspech na\u0161ich \u0161tudentov na s\u00fa\u0165a\u017ei amat\u00e9rskej fotografie AMFO 2023 \u2013 Vyhodnotenie"},{"@type":"BreadcrumbList","@id":"https:\/\/slspo.sk\/?p=6907#breadcrumb","itemListElement":[{"@type":"ListItem","position":1,"name":"Domovsk\u00e1 str\u00e1nka","item":"https:\/\/slspo.sk\/"},{"@type":"ListItem","position":2,"name":"\u00daspech na\u0161ich \u0161tudentov v s\u00fa\u0165a\u017ei amat\u00e9rskej fotografie AMFO 2023"}]},{"@type":"WebSite","@id":"https:\/\/slspo.sk\/#website","url":"https:\/\/slspo.sk\/","name":"Stredn\u00e1 odborn\u00e1 \u0161kola lesn\u00edcka v Pre\u0161ove","description":"Centrum odborn\u00e9ho vzdel\u00e1vania a pr\u00edpravy v lesn\u00edctve. \u0160kola je modernou vzdel\u00e1vacou in\u0161tit\u00faciou pon\u00fakaj\u00facou vzdel\u00e1vanie a v\u00fdchovu bud\u00facich mana\u017e\u00e9rov v oblasti lesn\u00edctva, po\u013eovn\u00edctva, \u010di ochrany pr\u00edrody a krajiny.","publisher":{"@id":"https:\/\/slspo.sk\/#organization"},"potentialAction":[{"@type":"SearchAction","target":{"@type":"EntryPoint","urlTemplate":"https:\/\/slspo.sk\/?s={search_term_string}"},"query-input":{"@type":"PropertyValueSpecification","valueRequired":true,"valueName":"search_term_string"}}],"inLanguage":"sk-SK"},{"@type":"Organization","@id":"https:\/\/slspo.sk\/#organization","name":"Stredn\u00e1 odborn\u00e1 \u0161kola lesn\u00edcka v Pre\u0161ove","url":"https:\/\/slspo.sk\/","logo":{"@type":"ImageObject","inLanguage":"sk-SK","@id":"https:\/\/slspo.sk\/#\/schema\/logo\/image\/","url":"https:\/\/slspo.sk\/wp-content\/uploads\/2021\/12\/logo_slspo.png","contentUrl":"https:\/\/slspo.sk\/wp-content\/uploads\/2021\/12\/logo_slspo.png","width":1306,"height":1128,"caption":"Stredn\u00e1 odborn\u00e1 \u0161kola lesn\u00edcka v Pre\u0161ove"},"image":{"@id":"https:\/\/slspo.sk\/#\/schema\/logo\/image\/"},"sameAs":["https:\/\/www.facebook.com\/soslesnicka\/"]},{"@type":"Person","@id":"https:\/\/slspo.sk\/#\/schema\/person\/d3719b9ed3bb76906bcc91f67be64813","name":"Adles","image":{"@type":"ImageObject","inLanguage":"sk-SK","@id":"https:\/\/secure.gravatar.com\/avatar\/634bab1a0cf85a4068d0841aeb0c8fe97b496a456f8252aa8ccac6c660d6d7cf?s=96&d=mm&r=g","url":"https:\/\/secure.gravatar.com\/avatar\/634bab1a0cf85a4068d0841aeb0c8fe97b496a456f8252aa8ccac6c660d6d7cf?s=96&d=mm&r=g","contentUrl":"https:\/\/secure.gravatar.com\/avatar\/634bab1a0cf85a4068d0841aeb0c8fe97b496a456f8252aa8ccac6c660d6d7cf?s=96&d=mm&r=g","caption":"Adles"},"sameAs":["https:\/\/slspo.sk"],"url":"https:\/\/slspo.sk\/?author=1"}]}},"_links":{"self":[{"href":"https:\/\/slspo.sk\/index.php?rest_route=\/wp\/v2\/posts\/6907","targetHints":{"allow":["GET"]}}],"collection":[{"href":"https:\/\/slspo.sk\/index.php?rest_route=\/wp\/v2\/posts"}],"about":[{"href":"https:\/\/slspo.sk\/index.php?rest_route=\/wp\/v2\/types\/post"}],"author":[{"embeddable":true,"href":"https:\/\/slspo.sk\/index.php?rest_route=\/wp\/v2\/users\/1"}],"replies":[{"embeddable":true,"href":"https:\/\/slspo.sk\/index.php?rest_route=%2Fwp%2Fv2%2Fcomments&post=6907"}],"version-history":[{"count":5,"href":"https:\/\/slspo.sk\/index.php?rest_route=\/wp\/v2\/posts\/6907\/revisions"}],"predecessor-version":[{"id":6916,"href":"https:\/\/slspo.sk\/index.php?rest_route=\/wp\/v2\/posts\/6907\/revisions\/6916"}],"wp:featuredmedia":[{"embeddable":true,"href":"https:\/\/slspo.sk\/index.php?rest_route=\/wp\/v2\/media\/6876"}],"wp:attachment":[{"href":"https:\/\/slspo.sk\/index.php?rest_route=%2Fwp%2Fv2%2Fmedia&parent=6907"}],"wp:term":[{"taxonomy":"category","embeddable":true,"href":"https:\/\/slspo.sk\/index.php?rest_route=%2Fwp%2Fv2%2Fcategories&post=6907"},{"taxonomy":"post_tag","embeddable":true,"href":"https:\/\/slspo.sk\/index.php?rest_route=%2Fwp%2Fv2%2Ftags&post=6907"}],"curies":[{"name":"wp","href":"https:\/\/api.w.org\/{rel}","templated":true}]}}