{"id":9003,"date":"2024-06-28T09:05:56","date_gmt":"2024-06-28T07:05:56","guid":{"rendered":"https:\/\/slspo.sk\/?p=9003"},"modified":"2024-06-28T09:05:56","modified_gmt":"2024-06-28T07:05:56","slug":"navsteva-botanickej-zahrady","status":"publish","type":"post","link":"https:\/\/slspo.sk\/?p=9003","title":{"rendered":"N\u00e1v\u0161teva botanickej z\u00e1hrady"},"content":{"rendered":"<p><div class=\"fusion-fullwidth fullwidth-box fusion-builder-row-1 fusion-flex-container nonhundred-percent-fullwidth non-hundred-percent-height-scrolling\" style=\"background-color: rgba(255,255,255,0);background-position: left top;background-repeat: no-repeat;border-width: 0px 0px 0px 0px;border-color:#e7e4e2;border-style:solid;\" ><div class=\"fusion-builder-row fusion-row fusion-flex-align-items-flex-start\" style=\"max-width:1331.2px;margin-left: calc(-4% \/ 2 );margin-right: calc(-4% \/ 2 );\"><div class=\"fusion-layout-column fusion_builder_column fusion-builder-column-0 fusion_builder_column_2_3 2_3 fusion-flex-column\"><div class=\"fusion-column-wrapper fusion-flex-justify-content-flex-start fusion-content-layout-column\" style=\"background-position:left top;background-repeat:no-repeat;-webkit-background-size:cover;-moz-background-size:cover;-o-background-size:cover;background-size:cover;padding: 0px 0px 0px 0px;\"><div class=\"fusion-text fusion-text-1\" style=\"transform:translate3d(0,0,0);\"><p>Op\u00e4\u0165 m\u00e1me koniec \u0161kolsk\u00e9ho roka, obdobie ukon\u010denia klasifik\u00e1cie a\u00a0pl\u00e1novania spolo\u010dn\u00fdch v\u00fdletov. Tento rok sme si vybrali <strong>v\u00fdlet do Ko\u0161\u00edc<\/strong>, konkr\u00e9tne botanick\u00fa z\u00e1hradu a\u00a0v\u00fdstavu \u017eiv\u00fdch mot\u00fd\u013eov exotick\u00fdch tr\u00f3pov.<\/p>\n<p><strong>Botanick\u00e1 z\u00e1hrada<\/strong> rozlohou 30 hekt\u00e1rov, sklen\u00edkmi na ploche 3500 m<sup>2\u00a0 <\/sup>a\u00a0zbierkov\u00fdm fondom vy\u0161e 4000 druhov, poddruhov a\u00a0kultivarov rastl\u00edn je najv\u00e4\u010d\u0161ou botanickou z\u00e1hradou na Slovensku.<\/p>\n<\/div><div class=\"fusion-separator fusion-full-width-sep\" style=\"align-self: center;margin-left: auto;margin-right: auto;margin-top:5px;width:100%;\"><\/div><div style=\"text-align:center;\"><span class=\" fusion-imageframe imageframe-none imageframe-1 hover-type-zoomin\"><a href=\"https:\/\/slspo.sk\/wp-content\/uploads\/2024\/06\/navsteva_botanickej15-1024x576.jpg\" class=\"fusion-lightbox\" data-rel=\"iLightbox[5048b4670344bae4aa1]\" data-title=\"navsteva_botanickej15\" title=\"navsteva_botanickej15\"><img decoding=\"async\" width=\"1024\" height=\"576\" src=\"https:\/\/slspo.sk\/wp-content\/uploads\/2024\/06\/navsteva_botanickej15.jpg\" data-orig-src=\"https:\/\/slspo.sk\/wp-content\/uploads\/2024\/06\/navsteva_botanickej15-1024x576.jpg\" class=\"lazyload img-responsive wp-image-9020\" srcset=\"data:image\/svg+xml,%3Csvg%20xmlns%3D%27http%3A%2F%2Fwww.w3.org%2F2000%2Fsvg%27%20width%3D%272000%27%20height%3D%271125%27%20viewBox%3D%270%200%202000%201125%27%3E%3Crect%20width%3D%272000%27%20height%3D%2731125%27%20fill-opacity%3D%220%22%2F%3E%3C%2Fsvg%3E\" data-srcset=\"https:\/\/slspo.sk\/wp-content\/uploads\/2024\/06\/navsteva_botanickej15-200x113.jpg 200w, https:\/\/slspo.sk\/wp-content\/uploads\/2024\/06\/navsteva_botanickej15-400x225.jpg 400w, https:\/\/slspo.sk\/wp-content\/uploads\/2024\/06\/navsteva_botanickej15-600x338.jpg 600w, https:\/\/slspo.sk\/wp-content\/uploads\/2024\/06\/navsteva_botanickej15-800x450.jpg 800w, https:\/\/slspo.sk\/wp-content\/uploads\/2024\/06\/navsteva_botanickej15-1200x675.jpg 1200w\" data-sizes=\"auto\" data-orig-sizes=\"(max-width: 1024px) 100vw, (max-width: 640px) 100vw, 800px\" \/><\/a><\/span><\/div><div class=\"fusion-separator fusion-full-width-sep\" style=\"align-self: center;margin-left: auto;margin-right: auto;margin-bottom:2em;width:100%;\"><\/div><div class=\"fusion-text fusion-text-2\" style=\"transform:translate3d(0,0,0);\"><p><strong>D\u0148a 25.j\u00fana 2024<\/strong> si 23 \u017eiakov na\u0161ej \u0161koly a\u00a0intern\u00e1tu pozrelo expoz\u00edcie okrasn\u00fdch, \u00fa\u017eitkov\u00fdch a\u00a0vodn\u00fdch rastl\u00edn, arbor\u00e9tum, v\u010del\u00e1rsky a\u00a0dendrologick\u00fd n\u00e1u\u010dn\u00fd chodn\u00edk. V\u00a0sklen\u00edkoch so subtropick\u00fdmi a\u00a0tropick\u00fdmi rastlinami sme videli rastliny z\u00a0oblast\u00ed Strednej a\u00a0Ju\u017enej Ameriky, Juhov\u00fdchodnej \u00c1zie a\u00a0Afriky.<\/p>\n<p>Najkraj\u0161\u00ed z\u00e1\u017eitok sa n\u00e1m naskytol v\u00a0sklen\u00edku s\u00a0tropick\u00fdmi mot\u00fd\u013emi, kde n\u00e1m po\u010das v\u00fdstavy lietali mot\u00fdle priamo medzi \u017eiakmi. Po prehliadke n\u00e1\u0161 v\u00fdlet pokra\u010doval do auparku\u00a0 na n\u00e1kupy, ob\u010derstvenie zmrzlinou a\u00a0cesta vlakom sp\u00e4\u0165 do Pre\u0161ova.<\/p>\n<\/div><div class=\"fusion-separator fusion-full-width-sep\" style=\"align-self: center;margin-left: auto;margin-right: auto;margin-top:5px;width:100%;\"><\/div><div style=\"text-align:center;\"><span class=\" fusion-imageframe imageframe-none imageframe-2 hover-type-zoomin\"><a href=\"https:\/\/slspo.sk\/wp-content\/uploads\/2024\/06\/navsteva_botanickej18-1024x576.jpg\" class=\"fusion-lightbox\" data-rel=\"iLightbox[eb6cc1217b65c59d0c0]\" data-title=\"navsteva_botanickej18\" title=\"navsteva_botanickej18\"><img decoding=\"async\" width=\"1024\" height=\"576\" src=\"https:\/\/slspo.sk\/wp-content\/uploads\/2024\/06\/navsteva_botanickej18.jpg\" data-orig-src=\"https:\/\/slspo.sk\/wp-content\/uploads\/2024\/06\/navsteva_botanickej18-1024x576.jpg\" class=\"lazyload img-responsive wp-image-9023\" srcset=\"data:image\/svg+xml,%3Csvg%20xmlns%3D%27http%3A%2F%2Fwww.w3.org%2F2000%2Fsvg%27%20width%3D%272000%27%20height%3D%271125%27%20viewBox%3D%270%200%202000%201125%27%3E%3Crect%20width%3D%272000%27%20height%3D%2731125%27%20fill-opacity%3D%220%22%2F%3E%3C%2Fsvg%3E\" data-srcset=\"https:\/\/slspo.sk\/wp-content\/uploads\/2024\/06\/navsteva_botanickej18-200x113.jpg 200w, https:\/\/slspo.sk\/wp-content\/uploads\/2024\/06\/navsteva_botanickej18-400x225.jpg 400w, https:\/\/slspo.sk\/wp-content\/uploads\/2024\/06\/navsteva_botanickej18-600x338.jpg 600w, https:\/\/slspo.sk\/wp-content\/uploads\/2024\/06\/navsteva_botanickej18-800x450.jpg 800w, https:\/\/slspo.sk\/wp-content\/uploads\/2024\/06\/navsteva_botanickej18-1200x675.jpg 1200w\" data-sizes=\"auto\" data-orig-sizes=\"(max-width: 1024px) 100vw, (max-width: 640px) 100vw, 800px\" \/><\/a><\/span><\/div><div class=\"fusion-separator fusion-full-width-sep\" style=\"align-self: center;margin-left: auto;margin-right: auto;margin-bottom:2em;width:100%;\"><\/div><div class=\"fusion-text fusion-text-3\" style=\"transform:translate3d(0,0,0);\"><p>Na tento kr\u00e1sny slne\u010dn\u00fd de\u0148 budeme e\u0161te v\u0161etci dlho spom\u00edna\u0165 a\u00a0te\u0161\u00edme sa na nov\u00e9 dobrodru\u017estv\u00e1.<\/p>\n<p style=\"text-align: right;\"><em>Mgr. Iveta Hme\u013e\u00e1rov\u00e1<\/em><\/p>\n<\/div><div style=\"text-align:center;\"><style type=\"text\/css\">.fusion-button.button-1 {border-radius:0px;}<\/style><a class=\"fusion-button button-flat fusion-button-default-size button-default button-1 fusion-button-default-span fusion-button-default-type\" target=\"_self\" title=\"Fotogal\u00e9ria\" href=\"https:\/\/slspo.sk\/?avada_portfolio=navsteva-botanickej-zahrady\"><span class=\"fusion-button-text\">FOTOGRAFIE<\/span><\/a><\/div><div class=\"fusion-separator fusion-full-width-sep\" style=\"align-self: center;margin-left: auto;margin-right: auto;margin-top:30px;margin-bottom:-10px;width:100%;\"><div class=\"fusion-separator-border sep-single sep-solid\" style=\"border-color:#e7e4e2;border-top-width:2px;\"><\/div><\/div><div class=\"fusion-sharing-box fusion-sharing-box-1 boxed-icons\" style=\"background-color:rgba(250,249,248,0);padding:0;margin-top:60px;\" data-title=\"N\u00e1v\u0161teva botanickej z\u00e1hrady\" data-description=\"Op\u00e4\u0165 m\u00e1me koniec \u0161kolsk\u00e9ho roka, obdobie ukon\u010denia klasifik\u00e1cie a\u00a0pl\u00e1novania spolo\u010dn\u00fdch v\u00fdletov. Tento rok sme si vybrali v\u00fdlet do Ko\u0161\u00edc, konkr\u00e9tne botanick\u00fa z\u00e1hradu a\u00a0v\u00fdstavu \u017eiv\u00fdch mot\u00fd\u013eov exotick\u00fdch tr\u00f3pov.\r\n\r\nBotanick\u00e1 z\u00e1hrada rozlohou 30 hekt\u00e1rov, sklen\u00edkmi na ploche 3500 m2\u00a0 a\u00a0zbierkov\u00fdm fondom vy\u0161e 4000 druhov, poddruhov a\u00a0kultivarov rastl\u00edn je najv\u00e4\u010d\u0161ou botanickou z\u00e1hradou na Slovensku.  \r\n\r\nD\u0148a 25.j\u00fana 2024\" data-link=\"https:\/\/slspo.sk\/?p=9003\"><h4 class=\"tagline\" style=\"color:#333c4e;\">Zdie\u013ea\u0165 \u010dl\u00e1nok<\/h4><div class=\"fusion-social-networks sharingbox-shortcode-icon-wrapper sharingbox-shortcode-icon-wrapper-1 boxed-icons\"><span><a href=\"https:\/\/www.facebook.com\/sharer.php?u=https%3A%2F%2Fslspo.sk%2F%3Fp%3D9003&amp;t=N%C3%A1v%C5%A1teva%20botanickej%20z%C3%A1hrady\" target=\"_blank\" title=\"Facebook\" aria-label=\"Facebook\" data-placement=\"top\" data-toggle=\"tooltip\" data-title=\"Facebook\"><i class=\"fusion-social-network-icon fusion-tooltip fusion-facebook fusion-icon-facebook\" style=\"color:#ffffff;background-color:#3b5998;border-color:#3b5998;border-radius:4px;\" aria-hidden=\"true\"><\/i><\/a><\/span><span><a href=\"https:\/\/twitter.com\/share?text=N%C3%A1v%C5%A1teva%20botanickej%20z%C3%A1hrady&amp;url=https%3A%2F%2Fslspo.sk%2F%3Fp%3D9003\" target=\"_blank\" rel=\"noopener noreferrer\" title=\"Twitter\" aria-label=\"Twitter\" data-placement=\"top\" data-toggle=\"tooltip\" data-title=\"Twitter\"><i class=\"fusion-social-network-icon fusion-tooltip fusion-twitter fusion-icon-twitter\" style=\"color:#ffffff;background-color:#55acee;border-color:#55acee;border-radius:4px;\" aria-hidden=\"true\"><\/i><\/a><\/span><span><a href=\"https:\/\/www.linkedin.com\/shareArticle?mini=true&amp;url=https%3A%2F%2Fslspo.sk%2F%3Fp%3D9003&amp;title=N%C3%A1v%C5%A1teva%20botanickej%20z%C3%A1hrady&amp;summary=Op%C3%A4%C5%A5%20m%C3%A1me%20koniec%20%C5%A1kolsk%C3%A9ho%20roka%2C%20obdobie%20ukon%C4%8Denia%20klasifik%C3%A1cie%20a%C2%A0pl%C3%A1novania%20spolo%C4%8Dn%C3%BDch%20v%C3%BDletov.%20Tento%20rok%20sme%20si%20vybrali%20v%C3%BDlet%20do%20Ko%C5%A1%C3%ADc%2C%20konkr%C3%A9tne%20botanick%C3%BA%20z%C3%A1hradu%20a%C2%A0v%C3%BDstavu%20%C5%BEiv%C3%BDch%20mot%C3%BD%C4%BEov%20exotick%C3%BDch%20tr%C3%B3pov.%0D%0A%0D%0ABotanick%C3%A1%20z%C3%A1hrada%20rozlohou%2030%20hekt%C3%A1rov%2C%20sklen%C3%ADkmi%20na%20ploche%203500%20m2%C2%A0%20a%C2%A0zbierkov%C3%BDm%20fondom%20vy%C5%A1e%204000%20druhov%2C%20poddruhov%20a%C2%A0kultivarov%20rastl%C3%ADn%20je%20najv%C3%A4%C4%8D%C5%A1ou%20botanickou%20z%C3%A1hradou%20na%20Slovensku.%20%20%20%0D%0A%0D%0AD%C5%88a%2025.j%C3%BAna%202024\" target=\"_blank\" rel=\"noopener noreferrer\" title=\"LinkedIn\" aria-label=\"LinkedIn\" data-placement=\"top\" data-toggle=\"tooltip\" data-title=\"LinkedIn\"><i class=\"fusion-social-network-icon fusion-tooltip fusion-linkedin fusion-icon-linkedin\" style=\"color:#ffffff;background-color:#0077b5;border-color:#0077b5;border-radius:4px;\" aria-hidden=\"true\"><\/i><\/a><\/span><span><a href=\"https:\/\/api.whatsapp.com\/send?text=https%3A%2F%2Fslspo.sk%2F%3Fp%3D9003\" target=\"_blank\" rel=\"noopener noreferrer\" title=\"WhatsApp\" aria-label=\"WhatsApp\" data-placement=\"top\" data-toggle=\"tooltip\" data-title=\"WhatsApp\"><i class=\"fusion-social-network-icon fusion-tooltip fusion-whatsapp fusion-icon-whatsapp\" style=\"color:#ffffff;background-color:#77e878;border-color:#77e878;border-radius:4px;\" aria-hidden=\"true\"><\/i><\/a><\/span><span><a href=\"http:\/\/pinterest.com\/pin\/create\/button\/?url=https%3A%2F%2Fslspo.sk%2F%3Fp%3D9003&amp;description=Op%C3%A4%C5%A5%20m%C3%A1me%20koniec%20%C5%A1kolsk%C3%A9ho%20roka%2C%20obdobie%20ukon%C4%8Denia%20klasifik%C3%A1cie%20a%C2%A0pl%C3%A1novania%20spolo%C4%8Dn%C3%BDch%20v%C3%BDletov.%20Tento%20rok%20sme%20si%20vybrali%20v%C3%BDlet%20do%20Ko%C5%A1%C3%ADc%2C%20konkr%C3%A9tne%20botanick%C3%BA%20z%C3%A1hradu%20a%C2%A0v%C3%BDstavu%20%C5%BEiv%C3%BDch%20mot%C3%BD%C4%BEov%20exotick%C3%BDch%20tr%C3%B3pov.%0D%0A%0D%0ABotanick%C3%A1%20z%C3%A1hrada%20rozlohou%2030%20hekt%C3%A1rov%2C%20sklen%C3%ADkmi%20na%20ploche%203500%20m2%C2%A0%20a%C2%A0zbierkov%C3%BDm%20fondom%20vy%C5%A1e%204000%20druhov%2C%20poddruhov%20a%C2%A0kultivarov%20rastl%C3%ADn%20je%20najv%C3%A4%C4%8D%C5%A1ou%20botanickou%20z%C3%A1hradou%20na%20Slovensku.%20%20%20%0D%0A%0D%0AD%C5%88a%2025.j%C3%BAna%202024&amp;media=\" target=\"_blank\" rel=\"noopener noreferrer\" title=\"Pinterest\" aria-label=\"Pinterest\" data-placement=\"top\" data-toggle=\"tooltip\" data-title=\"Pinterest\"><i class=\"fusion-social-network-icon fusion-tooltip fusion-pinterest fusion-icon-pinterest\" style=\"color:#ffffff;background-color:#bd081c;border-color:#bd081c;border-radius:4px;\" aria-hidden=\"true\"><\/i><\/a><\/span><span><a href=\"mailto:?subject=N%C3%A1v%C5%A1teva%20botanickej%20z%C3%A1hrady&amp;body=https%3A%2F%2Fslspo.sk%2F%3Fp%3D9003\" target=\"_self\" title=\"Email\" aria-label=\"Email\" data-placement=\"top\" data-toggle=\"tooltip\" data-title=\"Email\"><i class=\"fusion-social-network-icon fusion-tooltip fusion-mail fusion-icon-mail\" style=\"color:#ffffff;background-color:#000000;border-color:#000000;border-radius:4px;\" aria-hidden=\"true\"><\/i><\/a><\/span><\/div><\/div><style type=\"text\/css\">.fusion-sharing-box-1 h4{margin-bottom:0 !important;}.fusion-sharing-box-1{flex-direction:row !important;}.sharingbox-shortcode-icon-wrapper-1 span.sharingbox-shortcode-icon-separator{border-right-width:0px !important;}@media only screen and (max-width:1024px){.fusion-sharing-box-1 h4{margin-right:0.5em !important;margin-bottom:0 !important;}.sharingbox-shortcode-icon-wrapper-1{width:auto !important;justify-content:flex-end !important;}.fusion-sharing-box-1{align-items:center !important;} }@media only screen and (max-width:640px){.fusion-sharing-box-1{flex-direction: column !important;align-items:center !important;}.fusion-sharing-box-1 h4{margin-bottom:revert !important;}.sharingbox-shortcode-icon-wrapper-1{width:100% !important;justify-content:space-between !important;} }<\/style><\/div><\/div><style type=\"text\/css\">.fusion-body .fusion-builder-column-0{width:66.6666666667% !important;margin-top : 0px;margin-bottom : 40px;}.fusion-builder-column-0 > .fusion-column-wrapper {padding-top : 0px !important;padding-right : 0px !important;margin-right : 5.76%;padding-bottom : 0px !important;padding-left : 0px !important;margin-left : 2.88%;}@media only screen and (max-width:1024px) {.fusion-body .fusion-builder-column-0{width:100% !important;}.fusion-builder-column-0 > .fusion-column-wrapper {margin-right : 1.92%;margin-left : 1.92%;}}@media only screen and (max-width:640px) {.fusion-body .fusion-builder-column-0{width:100% !important;}.fusion-builder-column-0 > .fusion-column-wrapper {margin-right : 1.92%;margin-left : 1.92%;}}<\/style><div class=\"fusion-layout-column fusion_builder_column fusion-builder-column-1 fusion_builder_column_1_3 1_3 fusion-flex-column\"><div class=\"fusion-column-wrapper fusion-flex-justify-content-flex-start fusion-content-layout-column\" style=\"background-position:left top;background-repeat:no-repeat;-webkit-background-size:cover;-moz-background-size:cover;-o-background-size:cover;background-size:cover;background-color:#faf9f8;padding: 7% 7% 7% 7%;\"><div class=\"fusion-widget-area fusion-widget-area-1 fusion-content-widget-area\"><style type=\"text\/css\">.fusion-widget-area-1 {padding:0px 0px 0px 0px;}.fusion-widget-area-1 .widget h4 {color:#333c4e;}.fusion-widget-area-1 .widget .heading h4 {color:#333c4e;}.fusion-widget-area-1 .widget h4 {font-size:18px;}.fusion-widget-area-1 .widget .heading h4 {font-size:18px;}<\/style><section id=\"search-2\" class=\"widget widget_search\">\t\t<form role=\"search\" class=\"searchform fusion-search-form  fusion-search-form-classic\" method=\"get\" action=\"https:\/\/slspo.sk\/\">\n\t\t\t<div class=\"fusion-search-form-content\">\n\n\t\t\t\t\n\t\t\t\t<div class=\"fusion-search-field search-field\">\n\t\t\t\t\t<label><span class=\"screen-reader-text\">H\u013eada\u0165:<\/span>\n\t\t\t\t\t\t\t\t\t\t\t\t\t<input type=\"search\" value=\"\" name=\"s\" class=\"s\" placeholder=\"H\u013eada\u0165...\" required aria-required=\"true\" aria-label=\"H\u013eada\u0165...\"\/>\n\t\t\t\t\t\t\t\t\t\t\t<\/label>\n\t\t\t\t<\/div>\n\t\t\t\t<div class=\"fusion-search-button search-button\">\n\t\t\t\t\t<input type=\"submit\" class=\"fusion-search-submit searchsubmit\" aria-label=\"H\u013eada\u0165\" value=\"&#xf002;\" \/>\n\t\t\t\t\t\t\t\t\t<\/div>\n\n\t\t\t\t\n\t\t\t<\/div>\n\n\n\t\t\t\n\t\t<\/form>\n\t\t<\/section>\n\t\t<section id=\"recent-posts-2\" class=\"widget widget_recent_entries\">\n\t\t<div class=\"heading\"><h4 class=\"widget-title\">Najnov\u0161ie \u010dl\u00e1nky<\/h4><\/div>\n\t\t<ul>\n\t\t\t\t\t\t\t\t\t\t\t<li>\n\t\t\t\t\t<a href=\"https:\/\/slspo.sk\/?p=11296\">Spolo\u010dn\u00e9 chv\u00edle v Barli\u010dke<\/a>\n\t\t\t\t\t\t\t\t\t<\/li>\n\t\t\t\t\t\t\t\t\t\t\t<li>\n\t\t\t\t\t<a href=\"https:\/\/slspo.sk\/?p=11285\">Nap\u00ednav\u00fd hokejov\u00fd ve\u010der na z\u00e1ver sez\u00f3ny<\/a>\n\t\t\t\t\t\t\t\t\t<\/li>\n\t\t\t\t\t\t\t\t\t\t\t<li>\n\t\t\t\t\t<a href=\"https:\/\/slspo.sk\/?p=11278\">Nov\u00e9 \u010d\u00edslo \u0161tudentsk\u00e9ho \u010dasopisu SILVUM je na svete<\/a>\n\t\t\t\t\t\t\t\t\t<\/li>\n\t\t\t\t\t\t\t\t\t\t\t<li>\n\t\t\t\t\t<a href=\"https:\/\/slspo.sk\/?p=11216\">Na\u0161i truba\u010di a v\u00e1bi\u010di sa v Kostelci nestratili<\/a>\n\t\t\t\t\t\t\t\t\t<\/li>\n\t\t\t\t\t\t\t\t\t\t\t<li>\n\t\t\t\t\t<a href=\"https:\/\/slspo.sk\/?p=11182\">\u00daspech na\u0161ich SO\u010ck\u00e1rov na TU vo Zvolene<\/a>\n\t\t\t\t\t\t\t\t\t<\/li>\n\t\t\t\t\t<\/ul>\n\n\t\t<\/section><section id=\"pyre_tabs-widget-3\" class=\"widget fusion-tabs-widget\">\t\t<div class=\"fusion-tabs-widget-wrapper fusion-tabs-widget-2 fusion-tabs-clean fusion-tabs-image-default tab-holder\">\n\t\t\t<nav class=\"fusion-tabs-nav\">\n\t\t\t\t<ul class=\"tabset tabs\">\n\n\t\t\t\t\t\t\t\t\t\t\t<li class=\"active\"><a href=\"#\" data-link=\"fusion-tab-popular\">Naj\u010d\u00edtanej\u0161ie<\/a><\/li>\n\t\t\t\t\t\n\t\t\t\t\t\t\t\t\t\t\t<li><a href=\"#\" data-link=\"fusion-tab-recent\">Najnov\u0161ie<\/a><\/li>\n\t\t\t\t\t\n\t\t\t\t\t\n\t\t\t\t<\/ul>\n\t\t\t<\/nav>\n\n\t\t\t<div class=\"fusion-tabs-widget-content tab-box tabs-container\">\n\n\t\t\t\t\n\t\t\t\t\t<div class=\"fusion-tab-popular fusion-tab-content tab tab_content\" data-name=\"fusion-tab-popular\">\n\t\t\t\t\t\t\n\t\t\t\t\t\t<ul class=\"fusion-tabs-widget-items news-list\">\n\t\t\t\t\t\t\t\t\t\t\t\t\t\t\t\t\t\t\t\t\t\t\t\t\t\t\t\t\t\t\t\t\t<li>\n\t\t\t\t\t\t\t\t\t\t\t\t\t\t\t\t\t\t\t\t\t<div class=\"image\">\n\t\t\t\t\t\t\t\t\t\t\t\t<a href=\"https:\/\/slspo.sk\/?p=6216\" aria-label=\"Sl\u00e1vnostn\u00fd za\u010diatok \u0161kolsk\u00e9ho roka &#8211; pr\u00edhovor riadite\u013ea \u0161koly\"><img decoding=\"async\" width=\"66\" height=\"66\" src=\"https:\/\/slspo.sk\/wp-content\/uploads\/2022\/09\/DSC_0564-66x66.jpg\" class=\"attachment-recent-works-thumbnail size-recent-works-thumbnail lazyload wp-post-image\" alt=\"Sl\u00e1vnostn\u00fd za\u010diatok \u0161kolsk\u00e9ho roka 2022\/2023 - pr\u00edhovor riadite\u013ea \u0161koly\" srcset=\"data:image\/svg+xml,%3Csvg%20xmlns%3D%27http%3A%2F%2Fwww.w3.org%2F2000%2Fsvg%27%20width%3D%271500%27%20height%3D%271000%27%20viewBox%3D%270%200%201500%201000%27%3E%3Crect%20width%3D%271500%27%20height%3D%2731000%27%20fill-opacity%3D%220%22%2F%3E%3C%2Fsvg%3E\" data-orig-src=\"https:\/\/slspo.sk\/wp-content\/uploads\/2022\/09\/DSC_0564-66x66.jpg\" data-srcset=\"https:\/\/slspo.sk\/wp-content\/uploads\/2022\/09\/DSC_0564-66x66.jpg 66w, https:\/\/slspo.sk\/wp-content\/uploads\/2022\/09\/DSC_0564-150x150.jpg 150w, https:\/\/slspo.sk\/wp-content\/uploads\/2022\/09\/DSC_0564-200x200.jpg 200w\" data-sizes=\"auto\" \/><\/a>\n\t\t\t\t\t\t\t\t\t\t\t<\/div>\n\t\t\t\t\t\t\t\t\t\t\n\t\t\t\t\t\t\t\t\t\t<div class=\"post-holder\">\n\t\t\t\t\t\t\t\t\t\t\t<a href=\"https:\/\/slspo.sk\/?p=6216\">Sl\u00e1vnostn\u00fd za\u010diatok \u0161kolsk\u00e9ho roka &#8211; pr\u00edhovor riadite\u013ea \u0161koly<\/a>\n\t\t\t\t\t\t\t\t\t\t\t<div class=\"fusion-meta\">\n\t\t\t\t\t\t\t\t\t\t\t\t5. septembra 2022\t\t\t\t\t\t\t\t\t\t\t<\/div>\n\t\t\t\t\t\t\t\t\t\t<\/div>\n\t\t\t\t\t\t\t\t\t<\/li>\n\t\t\t\t\t\t\t\t\t\t\t\t\t\t\t\t\t\t\t\t\t\t\t\t\t\t<li>\n\t\t\t\t\t\t\t\t\t\t\t\t\t\t\t\t\t\t\t\t\t<div class=\"image\">\n\t\t\t\t\t\t\t\t\t\t\t\t<a href=\"https:\/\/slspo.sk\/?p=11296\" aria-label=\"Spolo\u010dn\u00e9 chv\u00edle v Barli\u010dke\"><img decoding=\"async\" width=\"66\" height=\"66\" src=\"https:\/\/slspo.sk\/wp-content\/uploads\/2026\/04\/2026barlicka04index-66x66.jpg\" class=\"attachment-recent-works-thumbnail size-recent-works-thumbnail lazyload wp-post-image\" alt=\"Spolo\u010dn\u00e9 chv\u00edle v Barli\u010dke\" srcset=\"data:image\/svg+xml,%3Csvg%20xmlns%3D%27http%3A%2F%2Fwww.w3.org%2F2000%2Fsvg%27%20width%3D%271349%27%20height%3D%27899%27%20viewBox%3D%270%200%201349%20899%27%3E%3Crect%20width%3D%271349%27%20height%3D%273899%27%20fill-opacity%3D%220%22%2F%3E%3C%2Fsvg%3E\" data-orig-src=\"https:\/\/slspo.sk\/wp-content\/uploads\/2026\/04\/2026barlicka04index-66x66.jpg\" data-srcset=\"https:\/\/slspo.sk\/wp-content\/uploads\/2026\/04\/2026barlicka04index-66x66.jpg 66w, https:\/\/slspo.sk\/wp-content\/uploads\/2026\/04\/2026barlicka04index-150x150.jpg 150w\" data-sizes=\"auto\" \/><\/a>\n\t\t\t\t\t\t\t\t\t\t\t<\/div>\n\t\t\t\t\t\t\t\t\t\t\n\t\t\t\t\t\t\t\t\t\t<div class=\"post-holder\">\n\t\t\t\t\t\t\t\t\t\t\t<a href=\"https:\/\/slspo.sk\/?p=11296\">Spolo\u010dn\u00e9 chv\u00edle v Barli\u010dke<\/a>\n\t\t\t\t\t\t\t\t\t\t\t<div class=\"fusion-meta\">\n\t\t\t\t\t\t\t\t\t\t\t\t30. apr\u00edla 2026\t\t\t\t\t\t\t\t\t\t\t<\/div>\n\t\t\t\t\t\t\t\t\t\t<\/div>\n\t\t\t\t\t\t\t\t\t<\/li>\n\t\t\t\t\t\t\t\t\t\t\t\t\t\t\t\t\t\t\t\t\t\t\t\t\t\t<li>\n\t\t\t\t\t\t\t\t\t\t\t\t\t\t\t\t\t\t\t\t\t<div class=\"image\">\n\t\t\t\t\t\t\t\t\t\t\t\t<a href=\"https:\/\/slspo.sk\/?p=11285\" aria-label=\"Nap\u00ednav\u00fd hokejov\u00fd ve\u010der na z\u00e1ver sez\u00f3ny\"><img decoding=\"async\" width=\"66\" height=\"66\" src=\"https:\/\/slspo.sk\/wp-content\/uploads\/2026\/04\/2026hokej02index-66x66.jpg\" class=\"attachment-recent-works-thumbnail size-recent-works-thumbnail lazyload wp-post-image\" alt=\"Nap\u00ednav\u00fd hokejov\u00fd ve\u010der na z\u00e1ver sez\u00f3ny\" srcset=\"data:image\/svg+xml,%3Csvg%20xmlns%3D%27http%3A%2F%2Fwww.w3.org%2F2000%2Fsvg%27%20width%3D%272040%27%20height%3D%271360%27%20viewBox%3D%270%200%202040%201360%27%3E%3Crect%20width%3D%272040%27%20height%3D%2731360%27%20fill-opacity%3D%220%22%2F%3E%3C%2Fsvg%3E\" data-orig-src=\"https:\/\/slspo.sk\/wp-content\/uploads\/2026\/04\/2026hokej02index-66x66.jpg\" data-srcset=\"https:\/\/slspo.sk\/wp-content\/uploads\/2026\/04\/2026hokej02index-66x66.jpg 66w, https:\/\/slspo.sk\/wp-content\/uploads\/2026\/04\/2026hokej02index-150x150.jpg 150w\" data-sizes=\"auto\" \/><\/a>\n\t\t\t\t\t\t\t\t\t\t\t<\/div>\n\t\t\t\t\t\t\t\t\t\t\n\t\t\t\t\t\t\t\t\t\t<div class=\"post-holder\">\n\t\t\t\t\t\t\t\t\t\t\t<a href=\"https:\/\/slspo.sk\/?p=11285\">Nap\u00ednav\u00fd hokejov\u00fd ve\u010der na z\u00e1ver sez\u00f3ny<\/a>\n\t\t\t\t\t\t\t\t\t\t\t<div class=\"fusion-meta\">\n\t\t\t\t\t\t\t\t\t\t\t\t27. apr\u00edla 2026\t\t\t\t\t\t\t\t\t\t\t<\/div>\n\t\t\t\t\t\t\t\t\t\t<\/div>\n\t\t\t\t\t\t\t\t\t<\/li>\n\t\t\t\t\t\t\t\t\n\t\t\t\t\t\t\t\t\t\t\t\t\t\t\t\t\t\t\t\t\t<\/ul>\n\t\t\t\t\t<\/div>\n\n\t\t\t\t\n\t\t\t\t\n\t\t\t\t\t<div class=\"fusion-tab-recent fusion-tab-content tab tab_content\" data-name=\"fusion-tab-recent\" style=\"display: none;\">\n\n\t\t\t\t\t\t\n\t\t\t\t\t\t<ul class=\"fusion-tabs-widget-items news-list\">\n\t\t\t\t\t\t\t\t\t\t\t\t\t\t\t\t\t\t\t\t\t\t\t\t\t\t\t\t\t\t\t\t\t<li>\n\t\t\t\t\t\t\t\t\t\t\t\t\t\t\t\t\t\t\t\t\t<div class=\"image\">\n\t\t\t\t\t\t\t\t\t\t\t\t<a href=\"https:\/\/slspo.sk\/?p=11296\" aria-label=\"Spolo\u010dn\u00e9 chv\u00edle v Barli\u010dke\"><img decoding=\"async\" width=\"66\" height=\"66\" src=\"https:\/\/slspo.sk\/wp-content\/uploads\/2026\/04\/2026barlicka04index-66x66.jpg\" class=\"attachment-recent-works-thumbnail size-recent-works-thumbnail lazyload wp-post-image\" alt=\"Spolo\u010dn\u00e9 chv\u00edle v Barli\u010dke\" srcset=\"data:image\/svg+xml,%3Csvg%20xmlns%3D%27http%3A%2F%2Fwww.w3.org%2F2000%2Fsvg%27%20width%3D%271349%27%20height%3D%27899%27%20viewBox%3D%270%200%201349%20899%27%3E%3Crect%20width%3D%271349%27%20height%3D%273899%27%20fill-opacity%3D%220%22%2F%3E%3C%2Fsvg%3E\" data-orig-src=\"https:\/\/slspo.sk\/wp-content\/uploads\/2026\/04\/2026barlicka04index-66x66.jpg\" data-srcset=\"https:\/\/slspo.sk\/wp-content\/uploads\/2026\/04\/2026barlicka04index-66x66.jpg 66w, https:\/\/slspo.sk\/wp-content\/uploads\/2026\/04\/2026barlicka04index-150x150.jpg 150w\" data-sizes=\"auto\" \/><\/a>\n\t\t\t\t\t\t\t\t\t\t\t<\/div>\n\t\t\t\t\t\t\t\t\t\t\t\t\t\t\t\t\t\t\t\t<div class=\"post-holder\">\n\t\t\t\t\t\t\t\t\t\t\t<a href=\"https:\/\/slspo.sk\/?p=11296\">Spolo\u010dn\u00e9 chv\u00edle v Barli\u010dke<\/a>\n\t\t\t\t\t\t\t\t\t\t\t<div class=\"fusion-meta\">\n\t\t\t\t\t\t\t\t\t\t\t\t30. apr\u00edla 2026\t\t\t\t\t\t\t\t\t\t\t<\/div>\n\t\t\t\t\t\t\t\t\t\t<\/div>\n\t\t\t\t\t\t\t\t\t<\/li>\n\t\t\t\t\t\t\t\t\t\t\t\t\t\t\t\t\t\t\t\t\t\t\t\t\t\t<li>\n\t\t\t\t\t\t\t\t\t\t\t\t\t\t\t\t\t\t\t\t\t<div class=\"image\">\n\t\t\t\t\t\t\t\t\t\t\t\t<a href=\"https:\/\/slspo.sk\/?p=11285\" aria-label=\"Nap\u00ednav\u00fd hokejov\u00fd ve\u010der na z\u00e1ver sez\u00f3ny\"><img decoding=\"async\" width=\"66\" height=\"66\" src=\"https:\/\/slspo.sk\/wp-content\/uploads\/2026\/04\/2026hokej02index-66x66.jpg\" class=\"attachment-recent-works-thumbnail size-recent-works-thumbnail lazyload wp-post-image\" alt=\"Nap\u00ednav\u00fd hokejov\u00fd ve\u010der na z\u00e1ver sez\u00f3ny\" srcset=\"data:image\/svg+xml,%3Csvg%20xmlns%3D%27http%3A%2F%2Fwww.w3.org%2F2000%2Fsvg%27%20width%3D%272040%27%20height%3D%271360%27%20viewBox%3D%270%200%202040%201360%27%3E%3Crect%20width%3D%272040%27%20height%3D%2731360%27%20fill-opacity%3D%220%22%2F%3E%3C%2Fsvg%3E\" data-orig-src=\"https:\/\/slspo.sk\/wp-content\/uploads\/2026\/04\/2026hokej02index-66x66.jpg\" data-srcset=\"https:\/\/slspo.sk\/wp-content\/uploads\/2026\/04\/2026hokej02index-66x66.jpg 66w, https:\/\/slspo.sk\/wp-content\/uploads\/2026\/04\/2026hokej02index-150x150.jpg 150w\" data-sizes=\"auto\" \/><\/a>\n\t\t\t\t\t\t\t\t\t\t\t<\/div>\n\t\t\t\t\t\t\t\t\t\t\t\t\t\t\t\t\t\t\t\t<div class=\"post-holder\">\n\t\t\t\t\t\t\t\t\t\t\t<a href=\"https:\/\/slspo.sk\/?p=11285\">Nap\u00ednav\u00fd hokejov\u00fd ve\u010der na z\u00e1ver sez\u00f3ny<\/a>\n\t\t\t\t\t\t\t\t\t\t\t<div class=\"fusion-meta\">\n\t\t\t\t\t\t\t\t\t\t\t\t27. apr\u00edla 2026\t\t\t\t\t\t\t\t\t\t\t<\/div>\n\t\t\t\t\t\t\t\t\t\t<\/div>\n\t\t\t\t\t\t\t\t\t<\/li>\n\t\t\t\t\t\t\t\t\t\t\t\t\t\t\t\t\t\t\t\t\t\t\t\t\t\t<li>\n\t\t\t\t\t\t\t\t\t\t\t\t\t\t\t\t\t\t\t\t\t<div class=\"image\">\n\t\t\t\t\t\t\t\t\t\t\t\t<a href=\"https:\/\/slspo.sk\/?p=11278\" aria-label=\"Nov\u00e9 \u010d\u00edslo \u0161tudentsk\u00e9ho \u010dasopisu SILVUM je na svete\"><img decoding=\"async\" width=\"66\" height=\"66\" src=\"https:\/\/slspo.sk\/wp-content\/uploads\/2026\/04\/silvum012026index-66x66.png\" class=\"attachment-recent-works-thumbnail size-recent-works-thumbnail lazyload wp-post-image\" alt=\"\" srcset=\"data:image\/svg+xml,%3Csvg%20xmlns%3D%27http%3A%2F%2Fwww.w3.org%2F2000%2Fsvg%27%20width%3D%27600%27%20height%3D%27400%27%20viewBox%3D%270%200%20600%20400%27%3E%3Crect%20width%3D%27600%27%20height%3D%273400%27%20fill-opacity%3D%220%22%2F%3E%3C%2Fsvg%3E\" data-orig-src=\"https:\/\/slspo.sk\/wp-content\/uploads\/2026\/04\/silvum012026index-66x66.png\" data-srcset=\"https:\/\/slspo.sk\/wp-content\/uploads\/2026\/04\/silvum012026index-66x66.png 66w, https:\/\/slspo.sk\/wp-content\/uploads\/2026\/04\/silvum012026index-150x150.png 150w\" data-sizes=\"auto\" \/><\/a>\n\t\t\t\t\t\t\t\t\t\t\t<\/div>\n\t\t\t\t\t\t\t\t\t\t\t\t\t\t\t\t\t\t\t\t<div class=\"post-holder\">\n\t\t\t\t\t\t\t\t\t\t\t<a href=\"https:\/\/slspo.sk\/?p=11278\">Nov\u00e9 \u010d\u00edslo \u0161tudentsk\u00e9ho \u010dasopisu SILVUM je na svete<\/a>\n\t\t\t\t\t\t\t\t\t\t\t<div class=\"fusion-meta\">\n\t\t\t\t\t\t\t\t\t\t\t\t23. apr\u00edla 2026\t\t\t\t\t\t\t\t\t\t\t<\/div>\n\t\t\t\t\t\t\t\t\t\t<\/div>\n\t\t\t\t\t\t\t\t\t<\/li>\n\t\t\t\t\t\t\t\t\t\t\t\t\t\t\t\t\t\t\t\t\t\t\t\t\t\t\t\t\t<\/ul>\n\t\t\t\t\t<\/div>\n\t\t\t\t\n\t\t\t\t\t\t\t<\/div>\n\t\t<\/div>\n\t\t<\/section><section id=\"facebook-like-widget-2\" class=\"widget facebook_like\" style=\"border-style: solid;border-color:transparent;border-width:0px;\"><div class=\"heading\"><h4 class=\"widget-title\">N\u00e1jdite n\u00e1s na Facebooku<\/h4><\/div>\n\t\t\t\t\t\t\t\t\t\t\t\t<script>\n\t\t\t\n\t\t\t\t\twindow.fbAsyncInit = function() {\n\t\t\t\t\t\tfusion_resize_page_widget();\n\n\t\t\t\t\t\tjQuery( window ).resize( function() {\n\t\t\t\t\t\t\tfusion_resize_page_widget();\n\t\t\t\t\t\t});\n\n\t\t\t\t\t\tfunction fusion_resize_page_widget() {\n\t\t\t\t\t\t\tvar availableSpace     = jQuery( '.facebook-like-widget-2' ).width(),\n\t\t\t\t\t\t\t\tlastAvailableSPace = jQuery( '.facebook-like-widget-2 .fb-page' ).attr( 'data-width' ),\n\t\t\t\t\t\t\t\tmaxWidth           = 268;\n\n\t\t\t\t\t\t\tif ( 1 > availableSpace ) {\n\t\t\t\t\t\t\t\tavailableSpace = maxWidth;\n\t\t\t\t\t\t\t}\n\n\t\t\t\t\t\t\tif ( availableSpace != lastAvailableSPace && availableSpace != maxWidth ) {\n\t\t\t\t\t\t\t\tif ( maxWidth < availableSpace ) {\n\t\t\t\t\t\t\t\t\tavailableSpace = maxWidth;\n\t\t\t\t\t\t\t\t}\n\t\t\t\t\t\t\t\tjQuery('.facebook-like-widget-2 .fb-page' ).attr( 'data-width', availableSpace );\n\t\t\t\t\t\t\t\tif ( 'undefined' !== typeof FB ) {\n\t\t\t\t\t\t\t\t\tFB.XFBML.parse();\n\t\t\t\t\t\t\t\t}\n\t\t\t\t\t\t\t}\n\t\t\t\t\t\t}\n\t\t\t\t\t};\n\n\t\t\t\t\t( function( d, s, id ) {\n\t\t\t\t\t\tvar js,\n\t\t\t\t\t\t\tfjs = d.getElementsByTagName( s )[0];\n\t\t\t\t\t\tif ( d.getElementById( id ) ) {\n\t\t\t\t\t\t\treturn;\n\t\t\t\t\t\t}\n\t\t\t\t\t\tjs     = d.createElement( s );\n\t\t\t\t\t\tjs.id  = id;\n\t\t\t\t\t\tjs.src = \"https:\/\/connect.facebook.net\/sk_SK\/sdk.js#xfbml=1&version=v8.0&appId=\";\n\t\t\t\t\t\tfjs.parentNode.insertBefore( js, fjs );\n\t\t\t\t\t}( document, 'script', 'facebook-jssdk' ) );\n\n\t\t\t\t\t\t\t<\/script>\n\t\t\t\n\t\t\t<div class=\"fb-like-box-container facebook-like-widget-2\" id=\"fb-root\">\n\t\t\t\t<div class=\"fb-page\" data-href=\"https:\/\/www.facebook.com\/soslesnicka\" data-original-width=\"268\" data-width=\"268\" data-adapt-container-width=\"true\" data-small-header=\"false\" data-height=\"540\" data-hide-cover=\"false\" data-show-facepile=\"true\" data-tabs=\"timeline\"><\/div>\n\t\t\t<\/div>\n\t\t\t<\/section><div class=\"fusion-additional-widget-content\"><\/div><\/div><\/div><\/div><style type=\"text\/css\">.fusion-body .fusion-builder-column-1{width:33.3333333333% !important;margin-top : 10px;margin-bottom : 10px;}.fusion-builder-column-1 > .fusion-column-wrapper {padding-top : 7% !important;padding-right : 7% !important;margin-right : 5.76%;padding-bottom : 7% !important;padding-left : 7% !important;margin-left : 4.8%;}@media only screen and (max-width:1024px) {.fusion-body .fusion-builder-column-1{width:100% !important;}.fusion-builder-column-1 > .fusion-column-wrapper {margin-right : 1.92%;margin-left : 1.92%;}}@media only screen and (max-width:640px) {.fusion-body .fusion-builder-column-1{width:100% !important;}.fusion-builder-column-1 > .fusion-column-wrapper {margin-right : 1.92%;margin-left : 1.92%;}}<\/style><\/div><style type=\"text\/css\">.fusion-body .fusion-flex-container.fusion-builder-row-1{ padding-top : 0px;margin-top : 0px;padding-right : 0px;padding-bottom : 80px;margin-bottom : 0px;padding-left : 0px;}@media only screen and (max-width:1024px) {.fusion-body .fusion-flex-container.fusion-builder-row-1{ padding-right : 60px;padding-left : 60px;}}<\/style><\/div><div class=\"fusion-fullwidth fullwidth-box fusion-builder-row-2 fusion-flex-container nonhundred-percent-fullwidth non-hundred-percent-height-scrolling\" style=\"background-color: #333c4e;background-position: left top;background-repeat: no-repeat;border-width: 0px 0px 0px 0px;border-color:#e7e4e2;border-style:solid;\" ><div class=\"fusion-builder-row fusion-row fusion-flex-align-items-flex-start\" style=\"max-width:calc( 1280px + 0px );margin-left: calc(-0px \/ 2 );margin-right: calc(-0px \/ 2 );\"><div class=\"fusion-layout-column fusion_builder_column fusion-builder-column-2 fusion_builder_column_1_1 1_1 fusion-flex-column fusion-flex-align-self-flex-start fusion-column-no-min-height\"><div class=\"fusion-column-wrapper fusion-flex-justify-content-flex-start fusion-content-layout-column\" style=\"background-position:left top;background-repeat:no-repeat;-webkit-background-size:cover;-moz-background-size:cover;-o-background-size:cover;background-size:cover;padding: 0px 0px 0px 0px;\"><style type=\"text\/css\">.fusion-title.fusion-title-1 svg path{stroke-width:6!important}@media only screen and (max-width:1024px) {.fusion-title.fusion-title-1{margin-top:10px!important;margin-bottom:24px!important;}}@media only screen and (max-width:640px) {.fusion-title.fusion-title-1{margin-top:10px!important;margin-bottom:20px!important;}}<\/style><div class=\"fusion-title title fusion-title-1 fusion-sep-none fusion-title-center fusion-title-highlight fusion-loop-off fusion-highlight-underline fusion-title-size-two\" style=\"margin-top:10px;margin-bottom:24px;\" data-highlight=\"underline\"><h2 class=\"title-heading-center\" style=\"margin:0;color:#ffffff;\"><span class=\"fusion-highlighted-text-prefix\">Pridaj sa k<\/span> <span class=\"fusion-highlighted-text-wrapper\"><span class=\"fusion-highlighted-text\" style=\"color:#f09a3e;\">tis\u00edckam absolventov,<\/span><\/span> <span class=\"fusion-highlighted-text-postfix\">ktor\u00ed s\u00fa dnes \u00faspe\u0161n\u00fdmi lesn\u00edkmi.<\/span><\/h2><\/div><div class=\"fusion-separator fusion-full-width-sep\" style=\"align-self: center;margin-left: auto;margin-right: auto;margin-top:-25px;width:100%;\"><\/div><div class=\"fusion-text fusion-text-4\" style=\"transform:translate3d(0,0,0);\"><p style=\"text-align: center; font-size: 20px;\">Vyber si svoje zameranie a \u0161tuduj to, \u010do \u0165a bav\u00ed.<\/p>\n<\/div><div class=\"fusion-separator fusion-full-width-sep\" style=\"align-self: center;margin-left: auto;margin-right: auto;margin-top:15px;width:100%;\"><\/div><div style=\"text-align:center;\"><style type=\"text\/css\">.fusion-button.button-2 {border-radius:0px;}<\/style><a class=\"fusion-button button-flat fusion-button-default-size button-default button-2 fusion-button-default-span fusion-button-default-type\" target=\"_self\" title=\"Uch\u00e1dza\u010di\" href=\"https:\/\/slspo.sk\/?page_id=6361\"><i class=\"university-street-view button-icon-left\" aria-hidden=\"true\"><\/i><span class=\"fusion-button-text\">DOZVEDIE\u0164 SA VIAC<\/span><\/a><\/div><\/div><\/div><style type=\"text\/css\">.fusion-body .fusion-builder-column-2{width:100% !important;margin-top : 3%;margin-bottom : 3%;}.fusion-builder-column-2 > .fusion-column-wrapper {padding-top : 0px !important;padding-right : 0px !important;margin-right : 0px;padding-bottom : 0px !important;padding-left : 0px !important;margin-left : 0px;}@media only screen and (max-width:1024px) {.fusion-body .fusion-builder-column-2{width:100% !important;}.fusion-builder-column-2 > .fusion-column-wrapper {margin-right : 0px;margin-left : 0px;}}@media only screen and (max-width:640px) {.fusion-body .fusion-builder-column-2{width:100% !important;}.fusion-builder-column-2 > .fusion-column-wrapper {margin-right : 0px;margin-left : 0px;}}<\/style><\/div><style type=\"text\/css\">.fusion-body .fusion-flex-container.fusion-builder-row-2{ padding-top : 50px;margin-top : 0px;padding-right : 0px;padding-bottom : 45px;margin-bottom : 0px;padding-left : 0px;}@media only screen and (max-width:640px) {.fusion-body .fusion-flex-container.fusion-builder-row-2{ padding-right : 50px;padding-left : 50px;}}<\/style><\/div>\n<\/p>\n","protected":false},"excerpt":{"rendered":"","protected":false},"author":1,"featured_media":9008,"comment_status":"open","ping_status":"open","sticky":false,"template":"","format":"standard","meta":{"ngg_post_thumbnail":0,"footnotes":""},"categories":[236,265],"tags":[],"class_list":["post-9003","post","type-post","status-publish","format-standard","has-post-thumbnail","hentry","category-skolsky-internat","category-skolsky-internat-only"],"yoast_head":"<!-- This site is optimized with the Yoast SEO plugin v27.5 - https:\/\/yoast.com\/product\/yoast-seo-wordpress\/ -->\n<title>N\u00e1v\u0161teva botanickej z\u00e1hrady - Stredn\u00e1 odborn\u00e1 \u0161kola lesn\u00edcka v Pre\u0161ove<\/title>\n<meta name=\"description\" content=\"Op\u00e4\u0165 m\u00e1me koniec \u0161kolsk\u00e9ho roka, obdobie ukon\u010denia klasifik\u00e1cie a pl\u00e1novania spolo\u010dn\u00fdch v\u00fdletov. Tento rok sme si vybrali v\u00fdlet do Ko\u0161\u00edc, konkr\u00e9tne botanick\u00fa z\u00e1hradu a v\u00fdstavu \u017eiv\u00fdch mot\u00fd\u013eov exotick\u00fdch tr\u00f3pov.\" \/>\n<meta name=\"robots\" content=\"index, follow, max-snippet:-1, max-image-preview:large, max-video-preview:-1\" \/>\n<link rel=\"canonical\" href=\"https:\/\/slspo.sk\/?p=9003\" \/>\n<meta property=\"og:locale\" content=\"sk_SK\" \/>\n<meta property=\"og:type\" content=\"article\" \/>\n<meta property=\"og:title\" content=\"N\u00e1v\u0161teva botanickej z\u00e1hrady - Stredn\u00e1 odborn\u00e1 \u0161kola lesn\u00edcka v Pre\u0161ove\" \/>\n<meta property=\"og:description\" content=\"Op\u00e4\u0165 m\u00e1me koniec \u0161kolsk\u00e9ho roka, obdobie ukon\u010denia klasifik\u00e1cie a pl\u00e1novania spolo\u010dn\u00fdch v\u00fdletov. Tento rok sme si vybrali v\u00fdlet do Ko\u0161\u00edc, konkr\u00e9tne botanick\u00fa z\u00e1hradu a v\u00fdstavu \u017eiv\u00fdch mot\u00fd\u013eov exotick\u00fdch tr\u00f3pov.\" \/>\n<meta property=\"og:url\" content=\"https:\/\/slspo.sk\/?p=9003\" \/>\n<meta property=\"og:site_name\" content=\"Stredn\u00e1 odborn\u00e1 \u0161kola lesn\u00edcka v Pre\u0161ove\" \/>\n<meta property=\"article:publisher\" content=\"https:\/\/www.facebook.com\/soslesnicka\/\" \/>\n<meta property=\"article:published_time\" content=\"2024-06-28T07:05:56+00:00\" \/>\n<meta property=\"og:image\" content=\"https:\/\/slspo.sk\/wp-content\/uploads\/2024\/06\/navsteva_botanickej04index.jpg\" \/>\n\t<meta property=\"og:image:width\" content=\"1206\" \/>\n\t<meta property=\"og:image:height\" content=\"804\" \/>\n\t<meta property=\"og:image:type\" content=\"image\/jpeg\" \/>\n<meta name=\"author\" content=\"Adles\" \/>\n<meta name=\"twitter:card\" content=\"summary_large_image\" \/>\n<meta name=\"twitter:label1\" content=\"Autor\" \/>\n\t<meta name=\"twitter:data1\" content=\"Adles\" \/>\n\t<meta name=\"twitter:label2\" content=\"Predpokladan\u00fd \u010das \u010d\u00edtania\" \/>\n\t<meta name=\"twitter:data2\" content=\"5 min\u00fat\" \/>\n<script type=\"application\/ld+json\" class=\"yoast-schema-graph\">{\"@context\":\"https:\\\/\\\/schema.org\",\"@graph\":[{\"@type\":\"Article\",\"@id\":\"https:\\\/\\\/slspo.sk\\\/?p=9003#article\",\"isPartOf\":{\"@id\":\"https:\\\/\\\/slspo.sk\\\/?p=9003\"},\"author\":{\"name\":\"Adles\",\"@id\":\"https:\\\/\\\/slspo.sk\\\/#\\\/schema\\\/person\\\/d3719b9ed3bb76906bcc91f67be64813\"},\"headline\":\"N\u00e1v\u0161teva botanickej z\u00e1hrady\",\"datePublished\":\"2024-06-28T07:05:56+00:00\",\"mainEntityOfPage\":{\"@id\":\"https:\\\/\\\/slspo.sk\\\/?p=9003\"},\"wordCount\":1394,\"commentCount\":0,\"publisher\":{\"@id\":\"https:\\\/\\\/slspo.sk\\\/#organization\"},\"image\":{\"@id\":\"https:\\\/\\\/slspo.sk\\\/?p=9003#primaryimage\"},\"thumbnailUrl\":\"https:\\\/\\\/slspo.sk\\\/wp-content\\\/uploads\\\/2024\\\/06\\\/navsteva_botanickej04index.jpg\",\"articleSection\":[\"\u0160kolsk\u00fd intern\u00e1t\",\"\u0160kolsk\u00fd intern\u00e1t only\"],\"inLanguage\":\"sk-SK\",\"potentialAction\":[{\"@type\":\"CommentAction\",\"name\":\"Comment\",\"target\":[\"https:\\\/\\\/slspo.sk\\\/?p=9003#respond\"]}]},{\"@type\":\"WebPage\",\"@id\":\"https:\\\/\\\/slspo.sk\\\/?p=9003\",\"url\":\"https:\\\/\\\/slspo.sk\\\/?p=9003\",\"name\":\"N\u00e1v\u0161teva botanickej z\u00e1hrady - Stredn\u00e1 odborn\u00e1 \u0161kola lesn\u00edcka v Pre\u0161ove\",\"isPartOf\":{\"@id\":\"https:\\\/\\\/slspo.sk\\\/#website\"},\"primaryImageOfPage\":{\"@id\":\"https:\\\/\\\/slspo.sk\\\/?p=9003#primaryimage\"},\"image\":{\"@id\":\"https:\\\/\\\/slspo.sk\\\/?p=9003#primaryimage\"},\"thumbnailUrl\":\"https:\\\/\\\/slspo.sk\\\/wp-content\\\/uploads\\\/2024\\\/06\\\/navsteva_botanickej04index.jpg\",\"datePublished\":\"2024-06-28T07:05:56+00:00\",\"description\":\"Op\u00e4\u0165 m\u00e1me koniec \u0161kolsk\u00e9ho roka, obdobie ukon\u010denia klasifik\u00e1cie a pl\u00e1novania spolo\u010dn\u00fdch v\u00fdletov. Tento rok sme si vybrali v\u00fdlet do Ko\u0161\u00edc, konkr\u00e9tne botanick\u00fa z\u00e1hradu a v\u00fdstavu \u017eiv\u00fdch mot\u00fd\u013eov exotick\u00fdch tr\u00f3pov.\",\"breadcrumb\":{\"@id\":\"https:\\\/\\\/slspo.sk\\\/?p=9003#breadcrumb\"},\"inLanguage\":\"sk-SK\",\"potentialAction\":[{\"@type\":\"ReadAction\",\"target\":[\"https:\\\/\\\/slspo.sk\\\/?p=9003\"]}]},{\"@type\":\"ImageObject\",\"inLanguage\":\"sk-SK\",\"@id\":\"https:\\\/\\\/slspo.sk\\\/?p=9003#primaryimage\",\"url\":\"https:\\\/\\\/slspo.sk\\\/wp-content\\\/uploads\\\/2024\\\/06\\\/navsteva_botanickej04index.jpg\",\"contentUrl\":\"https:\\\/\\\/slspo.sk\\\/wp-content\\\/uploads\\\/2024\\\/06\\\/navsteva_botanickej04index.jpg\",\"width\":1206,\"height\":804},{\"@type\":\"BreadcrumbList\",\"@id\":\"https:\\\/\\\/slspo.sk\\\/?p=9003#breadcrumb\",\"itemListElement\":[{\"@type\":\"ListItem\",\"position\":1,\"name\":\"Domovsk\u00e1 str\u00e1nka\",\"item\":\"https:\\\/\\\/slspo.sk\\\/\"},{\"@type\":\"ListItem\",\"position\":2,\"name\":\"N\u00e1v\u0161teva botanickej z\u00e1hrady\"}]},{\"@type\":\"WebSite\",\"@id\":\"https:\\\/\\\/slspo.sk\\\/#website\",\"url\":\"https:\\\/\\\/slspo.sk\\\/\",\"name\":\"Stredn\u00e1 odborn\u00e1 \u0161kola lesn\u00edcka v Pre\u0161ove\",\"description\":\"Centrum odborn\u00e9ho vzdel\u00e1vania a pr\u00edpravy v lesn\u00edctve. \u0160kola je modernou vzdel\u00e1vacou in\u0161tit\u00faciou pon\u00fakaj\u00facou vzdel\u00e1vanie a v\u00fdchovu bud\u00facich mana\u017e\u00e9rov v oblasti lesn\u00edctva, po\u013eovn\u00edctva, \u010di ochrany pr\u00edrody a krajiny.\",\"publisher\":{\"@id\":\"https:\\\/\\\/slspo.sk\\\/#organization\"},\"potentialAction\":[{\"@type\":\"SearchAction\",\"target\":{\"@type\":\"EntryPoint\",\"urlTemplate\":\"https:\\\/\\\/slspo.sk\\\/?s={search_term_string}\"},\"query-input\":{\"@type\":\"PropertyValueSpecification\",\"valueRequired\":true,\"valueName\":\"search_term_string\"}}],\"inLanguage\":\"sk-SK\"},{\"@type\":\"Organization\",\"@id\":\"https:\\\/\\\/slspo.sk\\\/#organization\",\"name\":\"Stredn\u00e1 odborn\u00e1 \u0161kola lesn\u00edcka v Pre\u0161ove\",\"url\":\"https:\\\/\\\/slspo.sk\\\/\",\"logo\":{\"@type\":\"ImageObject\",\"inLanguage\":\"sk-SK\",\"@id\":\"https:\\\/\\\/slspo.sk\\\/#\\\/schema\\\/logo\\\/image\\\/\",\"url\":\"https:\\\/\\\/slspo.sk\\\/wp-content\\\/uploads\\\/2021\\\/12\\\/logo_slspo.png\",\"contentUrl\":\"https:\\\/\\\/slspo.sk\\\/wp-content\\\/uploads\\\/2021\\\/12\\\/logo_slspo.png\",\"width\":1306,\"height\":1128,\"caption\":\"Stredn\u00e1 odborn\u00e1 \u0161kola lesn\u00edcka v Pre\u0161ove\"},\"image\":{\"@id\":\"https:\\\/\\\/slspo.sk\\\/#\\\/schema\\\/logo\\\/image\\\/\"},\"sameAs\":[\"https:\\\/\\\/www.facebook.com\\\/soslesnicka\\\/\"]},{\"@type\":\"Person\",\"@id\":\"https:\\\/\\\/slspo.sk\\\/#\\\/schema\\\/person\\\/d3719b9ed3bb76906bcc91f67be64813\",\"name\":\"Adles\",\"image\":{\"@type\":\"ImageObject\",\"inLanguage\":\"sk-SK\",\"@id\":\"https:\\\/\\\/secure.gravatar.com\\\/avatar\\\/634bab1a0cf85a4068d0841aeb0c8fe97b496a456f8252aa8ccac6c660d6d7cf?s=96&d=mm&r=g\",\"url\":\"https:\\\/\\\/secure.gravatar.com\\\/avatar\\\/634bab1a0cf85a4068d0841aeb0c8fe97b496a456f8252aa8ccac6c660d6d7cf?s=96&d=mm&r=g\",\"contentUrl\":\"https:\\\/\\\/secure.gravatar.com\\\/avatar\\\/634bab1a0cf85a4068d0841aeb0c8fe97b496a456f8252aa8ccac6c660d6d7cf?s=96&d=mm&r=g\",\"caption\":\"Adles\"},\"sameAs\":[\"https:\\\/\\\/slspo.sk\"],\"url\":\"https:\\\/\\\/slspo.sk\\\/?author=1\"}]}<\/script>\n<!-- \/ Yoast SEO plugin. -->","yoast_head_json":{"title":"N\u00e1v\u0161teva botanickej z\u00e1hrady - Stredn\u00e1 odborn\u00e1 \u0161kola lesn\u00edcka v Pre\u0161ove","description":"Op\u00e4\u0165 m\u00e1me koniec \u0161kolsk\u00e9ho roka, obdobie ukon\u010denia klasifik\u00e1cie a pl\u00e1novania spolo\u010dn\u00fdch v\u00fdletov. Tento rok sme si vybrali v\u00fdlet do Ko\u0161\u00edc, konkr\u00e9tne botanick\u00fa z\u00e1hradu a v\u00fdstavu \u017eiv\u00fdch mot\u00fd\u013eov exotick\u00fdch tr\u00f3pov.","robots":{"index":"index","follow":"follow","max-snippet":"max-snippet:-1","max-image-preview":"max-image-preview:large","max-video-preview":"max-video-preview:-1"},"canonical":"https:\/\/slspo.sk\/?p=9003","og_locale":"sk_SK","og_type":"article","og_title":"N\u00e1v\u0161teva botanickej z\u00e1hrady - Stredn\u00e1 odborn\u00e1 \u0161kola lesn\u00edcka v Pre\u0161ove","og_description":"Op\u00e4\u0165 m\u00e1me koniec \u0161kolsk\u00e9ho roka, obdobie ukon\u010denia klasifik\u00e1cie a pl\u00e1novania spolo\u010dn\u00fdch v\u00fdletov. Tento rok sme si vybrali v\u00fdlet do Ko\u0161\u00edc, konkr\u00e9tne botanick\u00fa z\u00e1hradu a v\u00fdstavu \u017eiv\u00fdch mot\u00fd\u013eov exotick\u00fdch tr\u00f3pov.","og_url":"https:\/\/slspo.sk\/?p=9003","og_site_name":"Stredn\u00e1 odborn\u00e1 \u0161kola lesn\u00edcka v Pre\u0161ove","article_publisher":"https:\/\/www.facebook.com\/soslesnicka\/","article_published_time":"2024-06-28T07:05:56+00:00","og_image":[{"width":1206,"height":804,"url":"https:\/\/slspo.sk\/wp-content\/uploads\/2024\/06\/navsteva_botanickej04index.jpg","type":"image\/jpeg"}],"author":"Adles","twitter_card":"summary_large_image","twitter_misc":{"Autor":"Adles","Predpokladan\u00fd \u010das \u010d\u00edtania":"5 min\u00fat"},"schema":{"@context":"https:\/\/schema.org","@graph":[{"@type":"Article","@id":"https:\/\/slspo.sk\/?p=9003#article","isPartOf":{"@id":"https:\/\/slspo.sk\/?p=9003"},"author":{"name":"Adles","@id":"https:\/\/slspo.sk\/#\/schema\/person\/d3719b9ed3bb76906bcc91f67be64813"},"headline":"N\u00e1v\u0161teva botanickej z\u00e1hrady","datePublished":"2024-06-28T07:05:56+00:00","mainEntityOfPage":{"@id":"https:\/\/slspo.sk\/?p=9003"},"wordCount":1394,"commentCount":0,"publisher":{"@id":"https:\/\/slspo.sk\/#organization"},"image":{"@id":"https:\/\/slspo.sk\/?p=9003#primaryimage"},"thumbnailUrl":"https:\/\/slspo.sk\/wp-content\/uploads\/2024\/06\/navsteva_botanickej04index.jpg","articleSection":["\u0160kolsk\u00fd intern\u00e1t","\u0160kolsk\u00fd intern\u00e1t only"],"inLanguage":"sk-SK","potentialAction":[{"@type":"CommentAction","name":"Comment","target":["https:\/\/slspo.sk\/?p=9003#respond"]}]},{"@type":"WebPage","@id":"https:\/\/slspo.sk\/?p=9003","url":"https:\/\/slspo.sk\/?p=9003","name":"N\u00e1v\u0161teva botanickej z\u00e1hrady - Stredn\u00e1 odborn\u00e1 \u0161kola lesn\u00edcka v Pre\u0161ove","isPartOf":{"@id":"https:\/\/slspo.sk\/#website"},"primaryImageOfPage":{"@id":"https:\/\/slspo.sk\/?p=9003#primaryimage"},"image":{"@id":"https:\/\/slspo.sk\/?p=9003#primaryimage"},"thumbnailUrl":"https:\/\/slspo.sk\/wp-content\/uploads\/2024\/06\/navsteva_botanickej04index.jpg","datePublished":"2024-06-28T07:05:56+00:00","description":"Op\u00e4\u0165 m\u00e1me koniec \u0161kolsk\u00e9ho roka, obdobie ukon\u010denia klasifik\u00e1cie a pl\u00e1novania spolo\u010dn\u00fdch v\u00fdletov. Tento rok sme si vybrali v\u00fdlet do Ko\u0161\u00edc, konkr\u00e9tne botanick\u00fa z\u00e1hradu a v\u00fdstavu \u017eiv\u00fdch mot\u00fd\u013eov exotick\u00fdch tr\u00f3pov.","breadcrumb":{"@id":"https:\/\/slspo.sk\/?p=9003#breadcrumb"},"inLanguage":"sk-SK","potentialAction":[{"@type":"ReadAction","target":["https:\/\/slspo.sk\/?p=9003"]}]},{"@type":"ImageObject","inLanguage":"sk-SK","@id":"https:\/\/slspo.sk\/?p=9003#primaryimage","url":"https:\/\/slspo.sk\/wp-content\/uploads\/2024\/06\/navsteva_botanickej04index.jpg","contentUrl":"https:\/\/slspo.sk\/wp-content\/uploads\/2024\/06\/navsteva_botanickej04index.jpg","width":1206,"height":804},{"@type":"BreadcrumbList","@id":"https:\/\/slspo.sk\/?p=9003#breadcrumb","itemListElement":[{"@type":"ListItem","position":1,"name":"Domovsk\u00e1 str\u00e1nka","item":"https:\/\/slspo.sk\/"},{"@type":"ListItem","position":2,"name":"N\u00e1v\u0161teva botanickej z\u00e1hrady"}]},{"@type":"WebSite","@id":"https:\/\/slspo.sk\/#website","url":"https:\/\/slspo.sk\/","name":"Stredn\u00e1 odborn\u00e1 \u0161kola lesn\u00edcka v Pre\u0161ove","description":"Centrum odborn\u00e9ho vzdel\u00e1vania a pr\u00edpravy v lesn\u00edctve. \u0160kola je modernou vzdel\u00e1vacou in\u0161tit\u00faciou pon\u00fakaj\u00facou vzdel\u00e1vanie a v\u00fdchovu bud\u00facich mana\u017e\u00e9rov v oblasti lesn\u00edctva, po\u013eovn\u00edctva, \u010di ochrany pr\u00edrody a krajiny.","publisher":{"@id":"https:\/\/slspo.sk\/#organization"},"potentialAction":[{"@type":"SearchAction","target":{"@type":"EntryPoint","urlTemplate":"https:\/\/slspo.sk\/?s={search_term_string}"},"query-input":{"@type":"PropertyValueSpecification","valueRequired":true,"valueName":"search_term_string"}}],"inLanguage":"sk-SK"},{"@type":"Organization","@id":"https:\/\/slspo.sk\/#organization","name":"Stredn\u00e1 odborn\u00e1 \u0161kola lesn\u00edcka v Pre\u0161ove","url":"https:\/\/slspo.sk\/","logo":{"@type":"ImageObject","inLanguage":"sk-SK","@id":"https:\/\/slspo.sk\/#\/schema\/logo\/image\/","url":"https:\/\/slspo.sk\/wp-content\/uploads\/2021\/12\/logo_slspo.png","contentUrl":"https:\/\/slspo.sk\/wp-content\/uploads\/2021\/12\/logo_slspo.png","width":1306,"height":1128,"caption":"Stredn\u00e1 odborn\u00e1 \u0161kola lesn\u00edcka v Pre\u0161ove"},"image":{"@id":"https:\/\/slspo.sk\/#\/schema\/logo\/image\/"},"sameAs":["https:\/\/www.facebook.com\/soslesnicka\/"]},{"@type":"Person","@id":"https:\/\/slspo.sk\/#\/schema\/person\/d3719b9ed3bb76906bcc91f67be64813","name":"Adles","image":{"@type":"ImageObject","inLanguage":"sk-SK","@id":"https:\/\/secure.gravatar.com\/avatar\/634bab1a0cf85a4068d0841aeb0c8fe97b496a456f8252aa8ccac6c660d6d7cf?s=96&d=mm&r=g","url":"https:\/\/secure.gravatar.com\/avatar\/634bab1a0cf85a4068d0841aeb0c8fe97b496a456f8252aa8ccac6c660d6d7cf?s=96&d=mm&r=g","contentUrl":"https:\/\/secure.gravatar.com\/avatar\/634bab1a0cf85a4068d0841aeb0c8fe97b496a456f8252aa8ccac6c660d6d7cf?s=96&d=mm&r=g","caption":"Adles"},"sameAs":["https:\/\/slspo.sk"],"url":"https:\/\/slspo.sk\/?author=1"}]}},"_links":{"self":[{"href":"https:\/\/slspo.sk\/index.php?rest_route=\/wp\/v2\/posts\/9003","targetHints":{"allow":["GET"]}}],"collection":[{"href":"https:\/\/slspo.sk\/index.php?rest_route=\/wp\/v2\/posts"}],"about":[{"href":"https:\/\/slspo.sk\/index.php?rest_route=\/wp\/v2\/types\/post"}],"author":[{"embeddable":true,"href":"https:\/\/slspo.sk\/index.php?rest_route=\/wp\/v2\/users\/1"}],"replies":[{"embeddable":true,"href":"https:\/\/slspo.sk\/index.php?rest_route=%2Fwp%2Fv2%2Fcomments&post=9003"}],"version-history":[{"count":3,"href":"https:\/\/slspo.sk\/index.php?rest_route=\/wp\/v2\/posts\/9003\/revisions"}],"predecessor-version":[{"id":9032,"href":"https:\/\/slspo.sk\/index.php?rest_route=\/wp\/v2\/posts\/9003\/revisions\/9032"}],"wp:featuredmedia":[{"embeddable":true,"href":"https:\/\/slspo.sk\/index.php?rest_route=\/wp\/v2\/media\/9008"}],"wp:attachment":[{"href":"https:\/\/slspo.sk\/index.php?rest_route=%2Fwp%2Fv2%2Fmedia&parent=9003"}],"wp:term":[{"taxonomy":"category","embeddable":true,"href":"https:\/\/slspo.sk\/index.php?rest_route=%2Fwp%2Fv2%2Fcategories&post=9003"},{"taxonomy":"post_tag","embeddable":true,"href":"https:\/\/slspo.sk\/index.php?rest_route=%2Fwp%2Fv2%2Ftags&post=9003"}],"curies":[{"name":"wp","href":"https:\/\/api.w.org\/{rel}","templated":true}]}}